{"id":134919,"date":"2026-01-13T22:15:17","date_gmt":"2026-01-13T22:15:17","guid":{"rendered":"https:\/\/www.europesays.com\/se\/134919\/"},"modified":"2026-01-13T22:15:17","modified_gmt":"2026-01-13T22:15:17","slug":"ice-har-skjutit-vid-16-tillfallen-och-dodat-fyra-hade-inte-behovt-handa","status":"publish","type":"post","link":"https:\/\/www.europesays.com\/se\/134919\/","title":{"rendered":"ICE har skjutit vid 16 tillf\u00e4llen och d\u00f6dat fyra: \u201dHade inte beh\u00f6vt h\u00e4nda\u201d"},"content":{"rendered":"<p>Agenter fr\u00e5n migrationspolisen ICE har \u00f6ppnat eld vid minst 16 tillf\u00e4llen sedan Donald Trumps kampanj mot pappersl\u00f6sa migranter i USA inleddes f\u00f6rra sommaren. Det enligt en sammanst\u00e4llning fr\u00e5n den ideella organisationen The Trace, som kartl\u00e4gger skjutvapenv\u00e5ld i USA.<\/p>\n<p>Fyra personer har d\u00f6dats och ytterligare sju har skadats i skjutningarna. <\/p>\n<p>\u2013 Allt som r\u00f6r dessa incidenter tyder p\u00e5 att det h\u00e4r \u00e4r skjutningar som inte hade beh\u00f6vt h\u00e4nda, s\u00e4ger Christy Lopez, tidigare civilr\u00e4ttsjurist och l\u00e4rare p\u00e5 Georgetowns juristutbildning, till The Trace.<\/p>\n<p>Organisationen p\u00e5pekar att siffrorna troligen \u00e4r l\u00e4gre \u00e4n det verkliga antalet, men ocks\u00e5 att det \u00e4r sv\u00e5rt att s\u00e4ga om det r\u00f6r sig om en \u00f6kning j\u00e4mf\u00f6rt med tidigare. <\/p>\n<p>ICE har anklagats f\u00f6r att agera on\u00f6digt brutalt och r\u00e4ttsos\u00e4kert i sina insatser. Efter d\u00f6dsskjutningen av 37-\u00e5riga Renee Good tidigare i januari protesterade tusentals m\u00e4nniskor \u00f6ver hela landet mot myndighetens metoder.<\/p>\n<p>Omni \u00e4r politiskt obundna och oberoende. Vi str\u00e4var efter att ge fler perspektiv p\u00e5 nyheterna. Har du fr\u00e5gor eller synpunkter kring v\u00e5r rapportering? <a href=\"https:\/\/omni.se\/ice-har-skjutit-vid-16-tillfallen-och-dodat-fyra-hade-inte-behovt-handa\/a\/mailto:redaktion@omni.se\" class=\"ArticleActions_contactLink__W2F1M\" rel=\"nofollow noopener\" target=\"_blank\">Kontakta redaktionen<\/a><\/p>\n","protected":false},"excerpt":{"rendered":"Agenter fr\u00e5n migrationspolisen ICE har \u00f6ppnat eld vid minst 16 tillf\u00e4llen sedan Donald Trumps kampanj mot pappersl\u00f6sa migranter&hellip;\n","protected":false},"author":2,"featured_media":134920,"comment_status":"","ping_status":"","sticky":false,"template":"","format":"standard","meta":{"footnotes":""},"categories":[14],"tags":[387,22,23,385,26,27,17,21,24,25,28,29,15,268,16,18,34,31,33,32,30,19,20,386,74,51,52,53,54],"class_list":{"0":"post-134919","1":"post","2":"type-post","3":"status-publish","4":"format-standard","5":"has-post-thumbnail","7":"category-varlden","8":"tag-amerikansk-politik","9":"tag-breaking-news","10":"tag-breakingnews","11":"tag-donald-trump","12":"tag-featured-news","13":"tag-featurednews","14":"tag-headlines","15":"tag-huvudnyheter","16":"tag-latest-news","17":"tag-latestnews","18":"tag-main-news","19":"tag-mainnews","20":"tag-news","21":"tag-nordamerika","22":"tag-nyheter","23":"tag-rubriker","24":"tag-se","25":"tag-svenska","26":"tag-sverige","27":"tag-sweden","28":"tag-swedish","29":"tag-top-stories","30":"tag-topstories","31":"tag-trumps-usa","32":"tag-usa","33":"tag-varlden","34":"tag-world","35":"tag-world-news","36":"tag-worldnews"},"share_on_mastodon":{"url":"https:\/\/pubeurope.com\/@se\/115890102200946406","error":""},"_links":{"self":[{"href":"https:\/\/www.europesays.com\/se\/wp-json\/wp\/v2\/posts\/134919","targetHints":{"allow":["GET"]}}],"collection":[{"href":"https:\/\/www.europesays.com\/se\/wp-json\/wp\/v2\/posts"}],"about":[{"href":"https:\/\/www.europesays.com\/se\/wp-json\/wp\/v2\/types\/post"}],"author":[{"embeddable":true,"href":"https:\/\/www.europesays.com\/se\/wp-json\/wp\/v2\/users\/2"}],"replies":[{"embeddable":true,"href":"https:\/\/www.europesays.com\/se\/wp-json\/wp\/v2\/comments?post=134919"}],"version-history":[{"count":0,"href":"https:\/\/www.europesays.com\/se\/wp-json\/wp\/v2\/posts\/134919\/revisions"}],"wp:featuredmedia":[{"embeddable":true,"href":"https:\/\/www.europesays.com\/se\/wp-json\/wp\/v2\/media\/134920"}],"wp:attachment":[{"href":"https:\/\/www.europesays.com\/se\/wp-json\/wp\/v2\/media?parent=134919"}],"wp:term":[{"taxonomy":"category","embeddable":true,"href":"https:\/\/www.europesays.com\/se\/wp-json\/wp\/v2\/categories?post=134919"},{"taxonomy":"post_tag","embeddable":true,"href":"https:\/\/www.europesays.com\/se\/wp-json\/wp\/v2\/tags?post=134919"}],"curies":[{"name":"wp","href":"https:\/\/api.w.org\/{rel}","templated":true}]}}