{"id":134921,"date":"2026-01-13T22:16:16","date_gmt":"2026-01-13T22:16:16","guid":{"rendered":"https:\/\/www.europesays.com\/se\/134921\/"},"modified":"2026-01-13T22:16:16","modified_gmt":"2026-01-13T22:16:16","slug":"vittnen-sag-misshandeln-pa-bussen-ostersunds-posten","status":"publish","type":"post","link":"https:\/\/www.europesays.com\/se\/134921\/","title":{"rendered":"Vittnen s\u00e5g misshandeln p\u00e5 bussen &#8211; \u00d6stersunds-Posten"},"content":{"rendered":"<ol>\n<li><a href=\"https:\/\/news.google.com\/rss\/articles\/CBMibEFVX3lxTE1pSHMzRHhHdzQweUJLemxOM2FmWURJcTRkbEVreHdNVXVFTE12NnMxRS1WUFlRc056ZGJQTVlwTXI1bkhxa2NHbFBGUDk5M0NqQVRURWJ6Q0pvd0owdlpZWGhhM19nNzNnT3F5VQ?oc=5\" target=\"_blank\" rel=\"nofollow noopener\">Vittnen s\u00e5g misshandeln p\u00e5 bussen<\/a>&nbsp;&nbsp;\u00d6stersunds-Posten<\/li>\n<li><a href=\"https:\/\/news.google.com\/rss\/articles\/CBMingFBVV95cUxQZURoLUxkVWF3Sm1FUTBSNVVNTmtCWldhZnJXaWwyR2d2NFo4Z21JdW1sbGlIbHI4N2dDdWNpY3VuOUxYRkl5UVF2dU84T2dWaGx5WjRvMUx4c3hIOHlMUDBZTUM1c1NEVW1FZ05keUxZNzFoRGhOelBGaEZjTHdWVXVoN0RIcS10ZjNuUURHMVhIci0wZEJWSzNTV1E0dw?oc=5\" target=\"_blank\" rel=\"nofollow noopener\">Sl\u00e4pptes trots v\u00e5ld i f\u00e4ngelset \u2013 misst\u00e4nks f\u00f6r bussmisshandel<\/a>&nbsp;&nbsp;Sveriges Radio<\/li>\n<li><a href=\"https:\/\/news.google.com\/rss\/articles\/CBMif0FVX3lxTE9fdjhaUml3X2l6VzFHNUFzbGZiMmV0RmVJeHJnV21NTUNCYnBPZ3hXdXY4eGhpdHl4ZXFoMFhlc0pyZU1qaDkxUkliRGpqRUJINk1RSllPNkh4WDhUdnI0NXY5R3Bmc3hETjJyS2M1aktSc0RENF9SSzhVMGJLRGs?oc=5\" target=\"_blank\" rel=\"nofollow noopener\">H\u00e4ktad f\u00f6r misshandel tidigare d\u00f6md f\u00f6r mord<\/a>&nbsp;&nbsp;\u00d6stersunds-Posten<\/li>\n<li><a href=\"https:\/\/news.google.com\/rss\/articles\/CBMikwFBVV95cUxNdzFNR28wdGhCUVRQN2pHNThOY2QtYUdRSFJXYVR5LU1veHRGeXFpUFdSR0ItMGpDZXZUUURPY09wVk9zQmpWNF9lWGo3NERUVXJaRkUtVjRkU0p4WlRnSXptYWFTOUJ4aFdaaFpjdENHQXE2WGVjSXVSVVhuakhHdUR3VzQ3UjlQUm52WTBoQnJ5bVE?oc=5\" target=\"_blank\" rel=\"nofollow noopener\">Man beg\u00e4rs h\u00e4ktad efter misst\u00e4nkt misshandel p\u00e5 buss<\/a>&nbsp;&nbsp;Sveriges Radio<\/li>\n<li><a href=\"https:\/\/news.google.com\/rss\/articles\/CBMidEFVX3lxTE9FdTlSOWxaZkRGSVphZkFWNXVuSEZUa1VCd2w2X1FyYngzdlh0YW5mYklMZmNGclFqRklmc2t0d3BoTVpGSjBjRzFMSFNCN3NOa2g1UVk1U3dvZDVlR1JoVFFkamJTSDhwaEx5b0JhdDJ6TG5Z?oc=5\" target=\"_blank\" rel=\"nofollow noopener\">Misst\u00e4nks f\u00f6r misshandel p\u00e5 buss \u2013 beg\u00e4rs h\u00e4ktad<\/a>&nbsp;&nbsp;\u00d6stersunds-Posten<\/li>\n<\/ol>\n","protected":false},"excerpt":{"rendered":"Vittnen s\u00e5g misshandeln p\u00e5 bussen&nbsp;&nbsp;\u00d6stersunds-Posten Sl\u00e4pptes trots v\u00e5ld i f\u00e4ngelset \u2013 misst\u00e4nks f\u00f6r bussmisshandel&nbsp;&nbsp;Sveriges Radio H\u00e4ktad f\u00f6r misshandel&hellip;\n","protected":false},"author":2,"featured_media":134922,"comment_status":"","ping_status":"","sticky":false,"template":"","format":"standard","meta":{"footnotes":""},"categories":[12],"tags":[22,23,26,27,17,21,24,25,28,29,15,16,18,34,31,33,32,30,19,20],"class_list":{"0":"post-134921","1":"post","2":"type-post","3":"status-publish","4":"format-standard","5":"has-post-thumbnail","7":"category-sverige","8":"tag-breaking-news","9":"tag-breakingnews","10":"tag-featured-news","11":"tag-featurednews","12":"tag-headlines","13":"tag-huvudnyheter","14":"tag-latest-news","15":"tag-latestnews","16":"tag-main-news","17":"tag-mainnews","18":"tag-news","19":"tag-nyheter","20":"tag-rubriker","21":"tag-se","22":"tag-svenska","23":"tag-sverige","24":"tag-sweden","25":"tag-swedish","26":"tag-top-stories","27":"tag-topstories"},"share_on_mastodon":{"url":"https:\/\/pubeurope.com\/@se\/115890106051022596","error":""},"_links":{"self":[{"href":"https:\/\/www.europesays.com\/se\/wp-json\/wp\/v2\/posts\/134921","targetHints":{"allow":["GET"]}}],"collection":[{"href":"https:\/\/www.europesays.com\/se\/wp-json\/wp\/v2\/posts"}],"about":[{"href":"https:\/\/www.europesays.com\/se\/wp-json\/wp\/v2\/types\/post"}],"author":[{"embeddable":true,"href":"https:\/\/www.europesays.com\/se\/wp-json\/wp\/v2\/users\/2"}],"replies":[{"embeddable":true,"href":"https:\/\/www.europesays.com\/se\/wp-json\/wp\/v2\/comments?post=134921"}],"version-history":[{"count":0,"href":"https:\/\/www.europesays.com\/se\/wp-json\/wp\/v2\/posts\/134921\/revisions"}],"wp:featuredmedia":[{"embeddable":true,"href":"https:\/\/www.europesays.com\/se\/wp-json\/wp\/v2\/media\/134922"}],"wp:attachment":[{"href":"https:\/\/www.europesays.com\/se\/wp-json\/wp\/v2\/media?parent=134921"}],"wp:term":[{"taxonomy":"category","embeddable":true,"href":"https:\/\/www.europesays.com\/se\/wp-json\/wp\/v2\/categories?post=134921"},{"taxonomy":"post_tag","embeddable":true,"href":"https:\/\/www.europesays.com\/se\/wp-json\/wp\/v2\/tags?post=134921"}],"curies":[{"name":"wp","href":"https:\/\/api.w.org\/{rel}","templated":true}]}}