{"id":134924,"date":"2026-01-13T22:19:08","date_gmt":"2026-01-13T22:19:08","guid":{"rendered":"https:\/\/www.europesays.com\/se\/134924\/"},"modified":"2026-01-13T22:19:08","modified_gmt":"2026-01-13T22:19:08","slug":"uppgifter-bjorkloven-lanar-max-westergard-fran-frolunda","status":"publish","type":"post","link":"https:\/\/www.europesays.com\/se\/134924\/","title":{"rendered":"Uppgifter: Bj\u00f6rkl\u00f6ven l\u00e5nar Max Westerg\u00e5rd fr\u00e5n Fr\u00f6lunda"},"content":{"rendered":"<p><strong><a href=\"https:\/\/hockeysverige.se\/klubb\/if-bjorkloven\" rel=\"nofollow noopener\" target=\"_blank\">Bj\u00f6rkl\u00f6ven<\/a> f\u00f6rst\u00e4rker sin trupp. <br \/>Enligt <a href=\"https:\/\/www.aftonbladet.se\/sportbladet\/hockey\/a\/V6qGy1\/avslojar-max-westergard-lanas-ut-till-bjorkloven?utm_medium=rss\" rel=\"nofollow noopener\" target=\"_blank\">Aftonbladet<\/a> plockar serieledarna in JVM-talangen <a href=\"https:\/\/hockeysverige.se\/spelare\/max-westergard\" rel=\"nofollow noopener\" target=\"_blank\">Max Westerg\u00e5rd<\/a>, 18, fr\u00e5n Fr\u00f6lunda. <\/strong><\/p>\n<p><img loading=\"lazy\" decoding=\"async\" width=\"1024\" height=\"658\" src=\"https:\/\/www.europesays.com\/se\/wp-content\/uploads\/2026\/01\/Max-Westergard-Loven-1024x658.webp.webp\" alt=\"Max Westerg\u00e5rd. Fr\u00f6lunda. Bj\u00f6rkl\u00f6ven.\" class=\"wp-image-345241\"  \/>Max Westerg\u00e5rd uppges f\u00f6rst\u00e4rka Bj\u00f6rkl\u00f6ven.<strong> Foto:<\/strong> Michael Erichsen\/Bildbyr\u00e5n<\/p>\n<p>Till kv\u00e4llens CHL-semifinal mot Bryn\u00e4s var Max Westerg\u00e5rd tillbaka i <a href=\"https:\/\/hockeysverige.se\/klubb\/frolunda-hc\/\" rel=\"nofollow noopener\" target=\"_blank\">Fr\u00f6lunda<\/a> efter att ha spelat <a href=\"https:\/\/hockeysverige.se\/junior-vm\" rel=\"nofollow noopener\" target=\"_blank\">JVM<\/a> med Finland. Han var dock 13:e forward och fick ingen speltid i matchen. <\/p>\n<p>Det ser nu ocks\u00e5 ut att bli hans sista match i Fr\u00f6lunda p\u00e5 ett tag. Under sena tisdagskv\u00e4llen kommer Aftonbladet n\u00e4mligen med uppgifter om att Westerg\u00e5rd kommer att bli utl\u00e5nad av Fr\u00f6lunda. Fram\u00f6ver kommer han i st\u00e4llet att spelas f\u00f6r Bj\u00f6rkl\u00f6ven som plockar in finl\u00e4ndaren p\u00e5 l\u00e5n f\u00f6r resten av s\u00e4songen. Eftersom att Westerg\u00e5rd \u00e4r junior kommer han d\u00e4remot att kunna vandra mellan klubbarna och Fr\u00f6lunda kan s\u00e5ledes kalla tillbaka honom vid behov. <\/p>\n<p>Tidningen skriver ocks\u00e5 att Max Westerg\u00e5rd kommer att vara spelklar f\u00f6r Bj\u00f6rkl\u00f6ven redan till onsdagens toppm\u00f6te i <a href=\"https:\/\/hockeysverige.se\/hockeyallsvenskan\" rel=\"nofollow noopener\" target=\"_blank\">HockeyAllsvenskan<\/a> mot Kalmar. <\/p>\n<p>Max Westerg\u00e5rd kom upp i Fr\u00f6lunda f\u00f6rra s\u00e4songen och imponerade i SM-slutspelet tillsammans med supertalangen Ivar Stenberg. Westerg\u00e5rd valdes sedan i femte rundan av Philadelphia Flyers i sommarens NHL-draft. Den h\u00e4r s\u00e4songen har dock g\u00e5tt tyngre f\u00f6r Westerg\u00e5rd. Han har f\u00e5tt begr\u00e4nsat med speltid i Fr\u00f6lundas A-lag och g\u00e5tt po\u00e4ngl\u00f6s fr\u00e5n 15 <a href=\"https:\/\/hockeysverige.se\/shl\" rel=\"nofollow noopener\" target=\"_blank\">SHL<\/a>-matcher. Han har i st\u00e4llet f\u00e5tt spela en del med J20-laget d\u00e4r det har blivit 21 po\u00e4ng p\u00e5 tolv matcher. <\/p>\n<p>Nyligen gjorde Westerg\u00e5rd fyra po\u00e4ng p\u00e5 sju matcher f\u00f6r Finland under Junior-VM i USA. Fram\u00f6ver verkar allts\u00e5 spel i HockeyAllsvenskan v\u00e4nta f\u00f6r 18-\u00e5ringen. <\/p>\n<p> Source: <a href=\"https:\/\/www.eliteprospects.com\/player\/864764\/max-westergard\" target=\"_blank\" rel=\"noopener noreferrer nofollow\">Max Westerg\u00e5rd<\/a> @ Elite Prospects<\/p>\n","protected":false},"excerpt":{"rendered":"Bj\u00f6rkl\u00f6ven f\u00f6rst\u00e4rker sin trupp. Enligt Aftonbladet plockar serieledarna in JVM-talangen Max Westerg\u00e5rd, 18, fr\u00e5n Fr\u00f6lunda. Max Westerg\u00e5rd uppges&hellip;\n","protected":false},"author":2,"featured_media":134925,"comment_status":"","ping_status":"","sticky":false,"template":"","format":"standard","meta":{"footnotes":""},"categories":[68],"tags":[621,34,133,134,111,110,31,33,32,30],"class_list":{"0":"post-134924","1":"post","2":"type-post","3":"status-publish","4":"format-standard","5":"has-post-thumbnail","7":"category-sport","8":"tag-hockeyallsvenskan","9":"tag-se","10":"tag-second-news","11":"tag-shl","12":"tag-sport","13":"tag-sports","14":"tag-svenska","15":"tag-sverige","16":"tag-sweden","17":"tag-swedish"},"share_on_mastodon":{"url":"https:\/\/pubeurope.com\/@se\/115890117841659447","error":""},"_links":{"self":[{"href":"https:\/\/www.europesays.com\/se\/wp-json\/wp\/v2\/posts\/134924","targetHints":{"allow":["GET"]}}],"collection":[{"href":"https:\/\/www.europesays.com\/se\/wp-json\/wp\/v2\/posts"}],"about":[{"href":"https:\/\/www.europesays.com\/se\/wp-json\/wp\/v2\/types\/post"}],"author":[{"embeddable":true,"href":"https:\/\/www.europesays.com\/se\/wp-json\/wp\/v2\/users\/2"}],"replies":[{"embeddable":true,"href":"https:\/\/www.europesays.com\/se\/wp-json\/wp\/v2\/comments?post=134924"}],"version-history":[{"count":0,"href":"https:\/\/www.europesays.com\/se\/wp-json\/wp\/v2\/posts\/134924\/revisions"}],"wp:featuredmedia":[{"embeddable":true,"href":"https:\/\/www.europesays.com\/se\/wp-json\/wp\/v2\/media\/134925"}],"wp:attachment":[{"href":"https:\/\/www.europesays.com\/se\/wp-json\/wp\/v2\/media?parent=134924"}],"wp:term":[{"taxonomy":"category","embeddable":true,"href":"https:\/\/www.europesays.com\/se\/wp-json\/wp\/v2\/categories?post=134924"},{"taxonomy":"post_tag","embeddable":true,"href":"https:\/\/www.europesays.com\/se\/wp-json\/wp\/v2\/tags?post=134924"}],"curies":[{"name":"wp","href":"https:\/\/api.w.org\/{rel}","templated":true}]}}