{"id":134937,"date":"2026-01-13T22:36:13","date_gmt":"2026-01-13T22:36:13","guid":{"rendered":"https:\/\/www.europesays.com\/se\/134937\/"},"modified":"2026-01-13T22:36:13","modified_gmt":"2026-01-13T22:36:13","slug":"kopacka-berattar-darfor-ser-han-ut-att-lamna-brynas","status":"publish","type":"post","link":"https:\/\/www.europesays.com\/se\/134937\/","title":{"rendered":"Kopacka ber\u00e4ttar: D\u00e4rf\u00f6r ser han ut att l\u00e4mna Bryn\u00e4s"},"content":{"rendered":"<p><strong>Jack Kopacka har gjort succ\u00e9 under sina \u00e5r i <a href=\"https:\/\/hockeysverige.se\/klubb\/brynas-if\/\" rel=\"nofollow noopener\" target=\"_blank\">Bryn\u00e4s<\/a>. Men f\u00f6r hockeysverige.se ber\u00e4ttar han nu att det mesta tyder p\u00e5 att han kommer l\u00e4mna klubben.<br \/>\u2013 Jag kommer titta p\u00e5 att spela hemma i f\u00f6rsta hand, s\u00e4ger han.<\/strong><\/p>\n<p><img loading=\"lazy\" decoding=\"async\" width=\"1024\" height=\"658\" src=\"https:\/\/www.europesays.com\/se\/wp-content\/uploads\/2026\/01\/Jack-Kopacka-1024x658.webp.webp\" alt=\"\" class=\"wp-image-345271\"  \/>Jack Kopacka om framtiden i Bryn\u00e4s.<br \/><strong>Foto:<\/strong> Bildbyr\u00e5n.<\/p>\n<p>G\u00c4VLE (HOCKEYSVERIGE.SE)<\/p>\n<p>N\u00e4r <a href=\"https:\/\/hockeysverige.se\/spelare\/jack-kopacka\/\" rel=\"nofollow noopener\" target=\"_blank\">Jack Kopacka<\/a> v\u00e4rvades fr\u00e5n Kristianstad, d\u00e4r han gjorde \u00e5tta m\u00e5l i HockeyAllsvenskan, var det nog inte s\u00e5 m\u00e5nga som hade speciellt h\u00f6ga f\u00f6rv\u00e4ntningar p\u00e5 amerikanen. Men i Bryn\u00e4str\u00f6jan gjorde han succ\u00e9 direkt, med 33 m\u00e5l i HockeyAllsvenskan (vilket r\u00e4ckte till skytteligaseger) och 18 m\u00e5l i <a href=\"https:\/\/hockeysverige.se\/shl\/\" rel=\"nofollow noopener\" target=\"_blank\">SHL<\/a>.<\/p>\n<p>Den h\u00e4r s\u00e4songen har det g\u00e5tt tyngre f\u00f6r Kopacka som bara m\u00e4ktat med fem m\u00e5l i SHL, och lika m\u00e5nga i CHL, och var utanf\u00f6r laget vid ett par SHL-matcher nyligen.<\/p>\n<p>Nu bekr\u00e4ftar den amerikanske forwarden att allt tyder p\u00e5 att han kommer l\u00e4mna Bryn\u00e4s efter s\u00e4songen.<\/p>\n<p>\u2013 Jag har inget negativt att s\u00e4ga om Bryn\u00e4s. Jag har \u00e4lskat allting under mina \u00e5r h\u00e4r. Men n\u00e4r jag spelade i Nordamerika, innan jag kom till Sverige, h\u00e4nde en massa saker som var utanf\u00f6r min kontroll. S\u00e5 jag k\u00e4nner att jag har lite \u201dbusiness\u201d kvar hemma, s\u00e4ger han efter CHL-f\u00f6rlusten mot Fr\u00f6lunda.<br \/>\u2013 Jag vet att det varit mycket rykten och spekulationer om mig p\u00e5 slutet och jag vet inte var de kommer ifr\u00e5n, f\u00f6r om inte ens jag vet var jag ska spela s\u00e5 vet ingen annan.<\/p>\n<p>Jack Kopackas plan: Nordamerika<\/p>\n<p><strong>Men du kommer flytta tillbaka till Nordamerika?<br \/><\/strong>\u2013 Det jag vet \u00e4r att det finns m\u00f6jligheter d\u00e4r hemma, s\u00e5 jag kommer titta d\u00e4r f\u00f6rst. Det handlar lite om hur kontrakten funkar f\u00f6r oss nordamerikaner i Sverige efter ett visst antal \u00e5r ocks\u00e5, och det spelar ocks\u00e5 in.<br \/>\u2013 Men framf\u00f6r allt k\u00e4nner jag att jag har mer att utr\u00e4tta hemma i Nordamerika. Jag vill ge det ett f\u00f6rs\u00f6k till. Men \u00e5terigen: Det har inget att g\u00f6ra med Bryn\u00e4s. Det vill jag vara extremt tydlig med. Jag \u00e4r tacksam f\u00f6r allt som h\u00e4nt.<\/p>\n<p><strong>Kan du bekr\u00e4fta att det h\u00e4r blir din sista s\u00e4song i Bryn\u00e4s?<br \/><\/strong>\u2013 Det har nog blivit ganska tydligt, tyv\u00e4rr. Man vill ju inte att det ska bli som det har blivit. Men som sagt: Det \u00e4r en otrolig liga och organisation. Jag har inget negativt att s\u00e4ga. Det \u00e4r ett personligt val att \u00e5ka hem. Det \u00e4r bara av personliga sk\u00e4l. Jag beh\u00f6ver \u00e5ka hem och lista ut vad jag ska g\u00f6ra med karri\u00e4ren, innan jag eventuellt tittar p\u00e5 Europa igen.<br \/>\u2013 Det jag vet \u00e4r att det finns m\u00f6jligheter hemma, men om det av n\u00e5gon anledning inte skulle funka s\u00e5 \u00e4r Bryn\u00e4s defintivt ett av de f\u00f6rsta st\u00e4llena jag kommer titta p\u00e5 igen.<\/p>\n<p><img loading=\"lazy\" decoding=\"async\" width=\"1024\" height=\"658\" src=\"https:\/\/www.europesays.com\/se\/wp-content\/uploads\/2025\/09\/241130JC061-1024x658.webp.webp\" alt=\"Jack Kopacka och Bobby Trivigno\" class=\"wp-image-305858\"  \/>Jack Kopacka och radarpartnern Bobby Trivigno.<br \/><strong>Foto:<\/strong> Jens Carlsson\/Bildbyr\u00e5n<\/p>\n<p><strong>Har du AHL-kontrakt eller NHL-kontrakt p\u00e5 bordet?<br \/><\/strong>\u2013 Jag vill inte g\u00e5 in p\u00e5 detaljer. Men det finns intresse, s\u00e4gs det. Och det \u00e4r d\u00e4r jag kommer titta f\u00f6rst. Det \u00e4r varje killes dr\u00f6m att f\u00e5 spela d\u00e4r borta, s\u00e5 det vore speciellt f\u00f6r mig. Sen f\u00e5r vi se hur det g\u00e5r.<br \/>\u2013 Men det \u00e4r viktigt att ge det ett f\u00f6rs\u00f6k. Det gick inte som jag ville senast jag var d\u00e4r, men jag \u00e4r en annan spelare och person nu \u00e4n jag var d\u00e5. Och skulle det inte funka s\u00e5 utesluter jag som sagt ingenting, d\u00e5 \u00e4r det troligt att Bryn\u00e4s f\u00e5r ett samtal. <\/p>\n<p>Jack Kopacka: \u201dEtt beslut jag tagit nyligen\u201d<\/p>\n<p>Kopacka \u00e4r tydlig med att hans os\u00e4kra framtid i Bryn\u00e4s inte har p\u00e5verkat hans prestationer p\u00e5 isen.<\/p>\n<p>\u2013 Inget av det h\u00e4r har n\u00e5got att g\u00f6ra med att det g\u00e5tt d\u00e5ligt den h\u00e4r s\u00e4songen, och att jag inte producerat lika mycket som tidigare. Det h\u00e4r \u00e4r ett beslut jag tagit nyligen, \u00e4ven om jag funderat mycket p\u00e5 det. Det kan jag vara helt \u00e4rlig med. S\u00e4songen har inte g\u00e5tt som jag velat, men det har inget med varandra att g\u00f6ra. Jag hoppas jag kan l\u00e4ra mig n\u00e5got av den h\u00e4r s\u00e4songen.<\/p>\n<p><strong>Hur viktigt \u00e4r det f\u00f6r dig att avsluta snyggt i Bryn\u00e4s, om nu det h\u00e4r \u00e4r dina sista m\u00e5nader i klubben?<br \/><\/strong>\u2013 Det \u00e4r v\u00e4ldigt viktigt f\u00f6r mig. Jag kommer inte l\u00e5ta n\u00e5got utanf\u00f6r p\u00e5verka mig. Jag kommer vara h\u00e4r och nu, och mitt b\u00e4sta jag, f\u00f6r jag vill l\u00e4mna p\u00e5 r\u00e4tt s\u00e4tt. Det \u00e4r jag skyldig klubben och lagkamraterna, och mig sj\u00e4lv, s\u00e4ger amerikanen innan han skickar iv\u00e4g en ny k\u00e4rleksf\u00f6rklaring till Bryn\u00e4s.<br \/>\u2013 Jag \u00e4r tacksam \u00f6ver det Bryn\u00e4s gav mig. Att beh\u00f6va l\u00e4mna Nordamerika och komma till Sverige var inte min h\u00f6jdpunkt i karri\u00e4ren, d\u00e4r och d\u00e5, direkt. Men n\u00e4r jag kom hit fick jag hj\u00e4lp att verkligen f\u00e5 spela och hitta mitt spel. Jag \u00e4r tacksam f\u00f6r allt som klubben gett mig och den m\u00f6jlighet jag fick. Oavsett vad som h\u00e4nder nu kommer jag inte ha n\u00e5got negativt att s\u00e4ga. Jag \u00e4r tacksam f\u00f6r allting.<\/p>\n<p> Source: <a href=\"https:\/\/www.eliteprospects.com\/player\/233512\/jack-kopacka\" target=\"_blank\" rel=\"noopener noreferrer nofollow\">Jack Kopacka<\/a> @ Elite Prospects<\/p>\n","protected":false},"excerpt":{"rendered":"Jack Kopacka har gjort succ\u00e9 under sina \u00e5r i Bryn\u00e4s. Men f\u00f6r hockeysverige.se ber\u00e4ttar han nu att det&hellip;\n","protected":false},"author":2,"featured_media":134938,"comment_status":"","ping_status":"","sticky":false,"template":"","format":"standard","meta":{"footnotes":""},"categories":[68],"tags":[34,111,110,31,33,32,30,379],"class_list":{"0":"post-134937","1":"post","2":"type-post","3":"status-publish","4":"format-standard","5":"has-post-thumbnail","7":"category-sport","8":"tag-se","9":"tag-sport","10":"tag-sports","11":"tag-svenska","12":"tag-sverige","13":"tag-sweden","14":"tag-swedish","15":"tag-top-article"},"share_on_mastodon":{"url":"https:\/\/pubeurope.com\/@se\/115890184706020319","error":""},"_links":{"self":[{"href":"https:\/\/www.europesays.com\/se\/wp-json\/wp\/v2\/posts\/134937","targetHints":{"allow":["GET"]}}],"collection":[{"href":"https:\/\/www.europesays.com\/se\/wp-json\/wp\/v2\/posts"}],"about":[{"href":"https:\/\/www.europesays.com\/se\/wp-json\/wp\/v2\/types\/post"}],"author":[{"embeddable":true,"href":"https:\/\/www.europesays.com\/se\/wp-json\/wp\/v2\/users\/2"}],"replies":[{"embeddable":true,"href":"https:\/\/www.europesays.com\/se\/wp-json\/wp\/v2\/comments?post=134937"}],"version-history":[{"count":0,"href":"https:\/\/www.europesays.com\/se\/wp-json\/wp\/v2\/posts\/134937\/revisions"}],"wp:featuredmedia":[{"embeddable":true,"href":"https:\/\/www.europesays.com\/se\/wp-json\/wp\/v2\/media\/134938"}],"wp:attachment":[{"href":"https:\/\/www.europesays.com\/se\/wp-json\/wp\/v2\/media?parent=134937"}],"wp:term":[{"taxonomy":"category","embeddable":true,"href":"https:\/\/www.europesays.com\/se\/wp-json\/wp\/v2\/categories?post=134937"},{"taxonomy":"post_tag","embeddable":true,"href":"https:\/\/www.europesays.com\/se\/wp-json\/wp\/v2\/tags?post=134937"}],"curies":[{"name":"wp","href":"https:\/\/api.w.org\/{rel}","templated":true}]}}