{"id":134939,"date":"2026-01-13T22:41:26","date_gmt":"2026-01-13T22:41:26","guid":{"rendered":"https:\/\/www.europesays.com\/se\/134939\/"},"modified":"2026-01-13T22:41:26","modified_gmt":"2026-01-13T22:41:26","slug":"attack-mot-dronarfabrik-i-taganrog","status":"publish","type":"post","link":"https:\/\/www.europesays.com\/se\/134939\/","title":{"rendered":"Attack mot dr\u00f6narfabrik i Taganrog"},"content":{"rendered":"<p><a class=\"wing-tag\" href=\"https:\/\/www.expressen.se\/om\/kriget-i-ukraina\/\" rel=\"nofollow noopener\" target=\"_blank\">Kriget i Ukraina<\/a><\/p>\n<p>Publicerad 13 jan 2026 kl 14.50Uppdaterad kl 19.49<\/p>\n<p>Underr\u00e4ttelsetj\u00e4nstens drag \u2022\u00a0Se f\u00f6rst\u00f6relsen<\/p>\n<p>Ukrainas underr\u00e4ttelsetj\u00e4nst, SBU, uppger att de har attackerat och f\u00f6rst\u00f6rt en dr\u00f6narfabrik i Taganrog i sydv\u00e4stra Ryssland under natten till tisdag. Filmer som sprids p\u00e5 sociala medier p\u00e5st\u00e5s visa hur fabriken st\u00e5r i l\u00e5gor efter angreppet.<\/p>\n<p>            <a href=\"mailto:webbrattelse@expressen.se?subject=Fel%20i%20artikel%3A%20Putins%20dr%C3%B6narfabrik%20bombad&amp;body=En%20l%C3%A4sare%20rapporterar%20fel%20i%20https%3A%2F%2Fwww.expressen.se%2Ftv%2Fnyheter%2Fvarlden%2Fputins-dronarfabrik-bombad%2F%0A%0AKommentar%3A%20\"><br \/>\n              Anm\u00e4l text- och faktafel<br \/>\n            <\/a><a href=\"https:\/\/www.expressen.se\/om-expressen\/sa-jobbar-vi-med-korrekta-publiceringar\/\" rel=\"nofollow noopener\" target=\"_blank\">V\u00e5ra kvalitetsrutiner<\/a><\/p>\n","protected":false},"excerpt":{"rendered":"Kriget i Ukraina Publicerad 13 jan 2026 kl 14.50Uppdaterad kl 19.49 Underr\u00e4ttelsetj\u00e4nstens drag \u2022\u00a0Se f\u00f6rst\u00f6relsen Ukrainas underr\u00e4ttelsetj\u00e4nst, SBU,&hellip;\n","protected":false},"author":2,"featured_media":319,"comment_status":"","ping_status":"","sticky":false,"template":"","format":"standard","meta":{"footnotes":""},"categories":[12],"tags":[22,23,26,27,17,21,24,25,274,28,29,15,276,16,18,34,2077,55,31,33,32,30,19,60,20],"class_list":{"0":"post-134939","1":"post","2":"type-post","3":"status-publish","4":"format-standard","5":"has-post-thumbnail","7":"category-sverige","8":"tag-breaking-news","9":"tag-breakingnews","10":"tag-featured-news","11":"tag-featurednews","12":"tag-headlines","13":"tag-huvudnyheter","14":"tag-latest-news","15":"tag-latestnews","16":"tag-location-ryssland","17":"tag-main-news","18":"tag-mainnews","19":"tag-news","20":"tag-newsstory-kriget-i-ukraina","21":"tag-nyheter","22":"tag-rubriker","23":"tag-se","24":"tag-sections-nyheter","25":"tag-sections-varlden","26":"tag-svenska","27":"tag-sverige","28":"tag-sweden","29":"tag-swedish","30":"tag-top-stories","31":"tag-topic-krig-konflikt","32":"tag-topstories"},"share_on_mastodon":{"url":"https:\/\/pubeurope.com\/@se\/115890204448695454","error":""},"_links":{"self":[{"href":"https:\/\/www.europesays.com\/se\/wp-json\/wp\/v2\/posts\/134939","targetHints":{"allow":["GET"]}}],"collection":[{"href":"https:\/\/www.europesays.com\/se\/wp-json\/wp\/v2\/posts"}],"about":[{"href":"https:\/\/www.europesays.com\/se\/wp-json\/wp\/v2\/types\/post"}],"author":[{"embeddable":true,"href":"https:\/\/www.europesays.com\/se\/wp-json\/wp\/v2\/users\/2"}],"replies":[{"embeddable":true,"href":"https:\/\/www.europesays.com\/se\/wp-json\/wp\/v2\/comments?post=134939"}],"version-history":[{"count":0,"href":"https:\/\/www.europesays.com\/se\/wp-json\/wp\/v2\/posts\/134939\/revisions"}],"wp:featuredmedia":[{"embeddable":true,"href":"https:\/\/www.europesays.com\/se\/wp-json\/wp\/v2\/media\/319"}],"wp:attachment":[{"href":"https:\/\/www.europesays.com\/se\/wp-json\/wp\/v2\/media?parent=134939"}],"wp:term":[{"taxonomy":"category","embeddable":true,"href":"https:\/\/www.europesays.com\/se\/wp-json\/wp\/v2\/categories?post=134939"},{"taxonomy":"post_tag","embeddable":true,"href":"https:\/\/www.europesays.com\/se\/wp-json\/wp\/v2\/tags?post=134939"}],"curies":[{"name":"wp","href":"https:\/\/api.w.org\/{rel}","templated":true}]}}