{"id":134954,"date":"2026-01-13T22:57:14","date_gmt":"2026-01-13T22:57:14","guid":{"rendered":"https:\/\/www.europesays.com\/se\/134954\/"},"modified":"2026-01-13T22:57:14","modified_gmt":"2026-01-13T22:57:14","slug":"bomben-nattklubben-publik-stanger-vlt","status":"publish","type":"post","link":"https:\/\/www.europesays.com\/se\/134954\/","title":{"rendered":"Bomben: Nattklubben Publik st\u00e4nger &#8211; VLT"},"content":{"rendered":"<ol>\n<li><a href=\"https:\/\/news.google.com\/rss\/articles\/CBMibkFVX3lxTE5DWlpQanpIcHFWQkh1RzdJNVdOdGEySW9ld1hQQTdSckpZdkk2RTNCdDJxQi1CX2hETW9xazZZU1BJN3VycHdaa1dCNzJZeVdIdUt6enIySUtWVnBFWl9LVnRRWkZIU1lQdHVVcGlB?oc=5\" target=\"_blank\" rel=\"nofollow noopener\">Bomben: Nattklubben Publik st\u00e4nger<\/a>&nbsp;&nbsp;VLT<\/li>\n<li><a href=\"https:\/\/news.google.com\/rss\/articles\/CBMimwFBVV95cUxQaU8zeS1WMkZUUUk5S09YQUtfWGlkVTZtNUpYNHcxU0pyd0c3eW1tYkxLWFotZ3NXQ3h1azhZTXNzaFpqdVJ5UFdnZEd3LVRPSm5iRWxJLUg4V0RXNzFiSllFWUUzTzA2RUZzUXkzRW83aF9lU1NMbGhUaXZCUldYREpsRWdRdmYwSVIyS3JpQUYwbUhkcGNKZnFpUQ?oc=5\" target=\"_blank\" rel=\"nofollow noopener\">Skidpremi\u00e4r lockade l\u00e5ngv\u00e4ga bes\u00f6kare: &#8221;Andra s\u00e4songen vi \u00e4r h\u00e4r&#8221;<\/a>&nbsp;&nbsp;Katrineholms-Kuriren<\/li>\n<li><a href=\"https:\/\/news.google.com\/rss\/articles\/CBMikAFBVV95cUxNYjAzcE93eDhWTHFYem9yRk5pbWM4UlNJTExzWU5aU2w3MXRvMVFyTGpaREVFbUpWTUF1UEtuMVJyMk9qZGZOdXlGeVMwYVhYYTFwVjNMeDNMbnRmdWh3M1F4cXlrYk1CVGxFQ0d3MjU1T2N5clRQcElzU1dZY05XTU9hWTlXT2dfN2RLRkhlaTQ?oc=5\" target=\"_blank\" rel=\"nofollow noopener\">BILDEXTRA: \u00c4ntligen \u00f6ppnade Hedebacken \u2013 se alla bilder fr\u00e5n premi\u00e4ren<\/a>&nbsp;&nbsp;Hudiksvalls Tidning<\/li>\n<li><a href=\"https:\/\/news.google.com\/rss\/articles\/CBMilwFBVV95cUxPMlJubms5b3pBWlhxRnl2OEdMZHNCUk80XzJaSEJNU1lTdjNDLUc0VmQtUWtBbE0xMW9CYi1qdS1uQThBNGRlM1Q0WFlKRnhiZExodTFWMmtxSkl4cFdmYVhpX3dFNjU1SjYyMkhIS0p6UEFaWDg4RE5hY0ZJS3dOZ0ljQU5wRGhPX18zTkRNd1E5d2hHYVFN?oc=5\" target=\"_blank\" rel=\"nofollow noopener\">BILDEXTRA: Vinterkul i Smedjebacken lockade m\u00e5nga bes\u00f6kare<\/a>&nbsp;&nbsp;Nya Ludvika Tidning<\/li>\n<li><a href=\"https:\/\/news.google.com\/rss\/articles\/CBMilwFBVV95cUxQNXNwNllGVlVQWGpka0tKWnAtdmRyZDVxY2VTSjdXMWlYUHhUYzh3TUQ1U3U5OV9uVmVKdGxlOHE0ZnlfbjNhX2VLRTZ4UDJrMGNldnZzdENlSUVYYzZyYzJxQ09UaXpCb0VHOW1DYWgyR3loaHVaaTk1bVptMXlhaTR3Y1pKdkx0NFRGUkhtd0pUYlFVX0lB?oc=5\" target=\"_blank\" rel=\"nofollow noopener\">H\u00e4r \u00f6ppnar skidbacken: \u201dKul att de satsar\u201d<\/a>&nbsp;&nbsp;J\u00f6nk\u00f6pings-Posten<\/li>\n<\/ol>\n","protected":false},"excerpt":{"rendered":"Bomben: Nattklubben Publik st\u00e4nger&nbsp;&nbsp;VLT Skidpremi\u00e4r lockade l\u00e5ngv\u00e4ga bes\u00f6kare: &#8221;Andra s\u00e4songen vi \u00e4r h\u00e4r&#8221;&nbsp;&nbsp;Katrineholms-Kuriren BILDEXTRA: \u00c4ntligen \u00f6ppnade Hedebacken \u2013&hellip;\n","protected":false},"author":2,"featured_media":134955,"comment_status":"","ping_status":"","sticky":false,"template":"","format":"standard","meta":{"footnotes":""},"categories":[12],"tags":[22,23,26,27,17,21,24,25,28,29,15,16,18,34,31,33,32,30,19,20],"class_list":{"0":"post-134954","1":"post","2":"type-post","3":"status-publish","4":"format-standard","5":"has-post-thumbnail","7":"category-sverige","8":"tag-breaking-news","9":"tag-breakingnews","10":"tag-featured-news","11":"tag-featurednews","12":"tag-headlines","13":"tag-huvudnyheter","14":"tag-latest-news","15":"tag-latestnews","16":"tag-main-news","17":"tag-mainnews","18":"tag-news","19":"tag-nyheter","20":"tag-rubriker","21":"tag-se","22":"tag-svenska","23":"tag-sverige","24":"tag-sweden","25":"tag-swedish","26":"tag-top-stories","27":"tag-topstories"},"share_on_mastodon":{"url":"https:\/\/pubeurope.com\/@se\/115890267637242076","error":""},"_links":{"self":[{"href":"https:\/\/www.europesays.com\/se\/wp-json\/wp\/v2\/posts\/134954","targetHints":{"allow":["GET"]}}],"collection":[{"href":"https:\/\/www.europesays.com\/se\/wp-json\/wp\/v2\/posts"}],"about":[{"href":"https:\/\/www.europesays.com\/se\/wp-json\/wp\/v2\/types\/post"}],"author":[{"embeddable":true,"href":"https:\/\/www.europesays.com\/se\/wp-json\/wp\/v2\/users\/2"}],"replies":[{"embeddable":true,"href":"https:\/\/www.europesays.com\/se\/wp-json\/wp\/v2\/comments?post=134954"}],"version-history":[{"count":0,"href":"https:\/\/www.europesays.com\/se\/wp-json\/wp\/v2\/posts\/134954\/revisions"}],"wp:featuredmedia":[{"embeddable":true,"href":"https:\/\/www.europesays.com\/se\/wp-json\/wp\/v2\/media\/134955"}],"wp:attachment":[{"href":"https:\/\/www.europesays.com\/se\/wp-json\/wp\/v2\/media?parent=134954"}],"wp:term":[{"taxonomy":"category","embeddable":true,"href":"https:\/\/www.europesays.com\/se\/wp-json\/wp\/v2\/categories?post=134954"},{"taxonomy":"post_tag","embeddable":true,"href":"https:\/\/www.europesays.com\/se\/wp-json\/wp\/v2\/tags?post=134954"}],"curies":[{"name":"wp","href":"https:\/\/api.w.org\/{rel}","templated":true}]}}