{"id":134956,"date":"2026-01-13T22:58:11","date_gmt":"2026-01-13T22:58:11","guid":{"rendered":"https:\/\/www.europesays.com\/se\/134956\/"},"modified":"2026-01-13T22:58:11","modified_gmt":"2026-01-13T22:58:11","slug":"johan-larsson-missar-chl-semifinalen-mellan-brynas-och-frolunda","status":"publish","type":"post","link":"https:\/\/www.europesays.com\/se\/134956\/","title":{"rendered":"Johan Larsson missar CHL-semifinalen mellan Bryn\u00e4s och Fr\u00f6lunda"},"content":{"rendered":"<p><strong><a href=\"https:\/\/hockeysverige.se\/klubb\/brynas-if\" rel=\"nofollow noopener\" target=\"_blank\">Bryn\u00e4s<\/a> tvingas klara sig utan sin lagkapten i <a href=\"https:\/\/hockeysverige.se\/champions-hockey-league\" rel=\"nofollow noopener\" target=\"_blank\">CHL<\/a>-semifinalen.<br \/><a href=\"https:\/\/hockeysverige.se\/spelare\/johan-larsson\" rel=\"nofollow noopener\" target=\"_blank\">Johan Larsson<\/a> saknas i kv\u00e4llens match mot <a href=\"https:\/\/hockeysverige.se\/klubb\/frolunda-hc\" rel=\"nofollow noopener\" target=\"_blank\">Fr\u00f6lunda<\/a>. <\/strong><\/p>\n<p><img loading=\"lazy\" decoding=\"async\" width=\"1024\" height=\"658\" src=\"https:\/\/www.europesays.com\/se\/wp-content\/uploads\/2026\/01\/Johan-Larsson-1-1024x658.webp.webp\" alt=\"Johan Larsson.\" class=\"wp-image-345123\"  \/>Johan Larsson saknas i kv\u00e4llens CHL-semifinal.<strong> Foto: <\/strong>Tobias Sterner\/Bildbyr\u00e5n<\/p>\n<p>I kv\u00e4ll v\u00e4ntar den f\u00f6rsta av tv\u00e5 matcher i den helsvenska semifinalen i CHL mellan Bryn\u00e4s och Fr\u00f6lunda. Lagen har nu sl\u00e4ppt sina trupper och det blir d\u00e5 flera f\u00f6r\u00e4ndringar i b\u00e5da lagen. <\/p>\n<p>Bryn\u00e4s saknar tv\u00e5 spelare j\u00e4mf\u00f6rt med straffsegern mot Link\u00f6ping i l\u00f6rdags. Det handlar om nyckelspelarna Johan Larsson och Simon Bertilsson som inte kommer till spel mot Fr\u00f6lunda. Bertilsson vilas sannolikt medan Larsson saknas efter att ha klivit av Bryn\u00e4s tr\u00e4ning under m\u00e5ndagen. Det \u00e4r \u00e4nnu inte k\u00e4nt ifall Johan Larsson \u00e4r skadad eller vad det \u00e4r som g\u00f6r att han inte kommer till spel i kv\u00e4ll.<\/p>\n<p>I st\u00e4llet \u00e4r det 18-\u00e5rige centern <a href=\"https:\/\/hockeysverige.se\/spelare\/gustav-hillstrom\" rel=\"nofollow noopener\" target=\"_blank\">Gustav Hillstr\u00f6m<\/a> som kliver upp som center i f\u00f6rstakedjan mellan <a href=\"https:\/\/hockeysverige.se\/spelare\/jakob-silfverberg\" rel=\"nofollow noopener\" target=\"_blank\">Jakob Silfverberg<\/a> och <a href=\"https:\/\/hockeysverige.se\/spelare\/kieffer-bellows\" rel=\"nofollow noopener\" target=\"_blank\">Kieffer Bellows<\/a>. Samtidigt lyfter Bryn\u00e4s ocks\u00e5 upp juniorerna Victor Hedin Raftheim och <a href=\"https:\/\/hockeysverige.se\/spelare\/leo-sundqvist\" rel=\"nofollow noopener\" target=\"_blank\">Leo Sundqvist<\/a> som extraspelare i kv\u00e4llens match. <\/p>\n<p>Fr\u00f6lunda \u00e5 sin sida f\u00e5r d\u00e4remot tillbaka tv\u00e5 spelare. Det handlar om <a href=\"https:\/\/hockeysverige.se\/spelare\/ivar-stenberg\" rel=\"nofollow noopener\" target=\"_blank\">Ivar Stenberg<\/a> och <a href=\"https:\/\/hockeysverige.se\/spelare\/max-westergard\" rel=\"nofollow noopener\" target=\"_blank\">Max Westerg\u00e5rd<\/a> som b\u00e5da \u00e4r tillbaka fr\u00e5n JVM och nu kliver in i laguppst\u00e4llningen. Stenberg \u00e5terf\u00f6renas med kedjekamraterna <a href=\"https:\/\/hockeysverige.se\/spelare\/theodor-niederbach\" rel=\"nofollow noopener\" target=\"_blank\">Theodor Niederbach<\/a> och <a href=\"https:\/\/hockeysverige.se\/spelare\/max-lindholm\" rel=\"nofollow noopener\" target=\"_blank\">Max Lindholm<\/a> medan Westerg\u00e5rd inleder som 13:e forward. Det inneb\u00e4r att forwarden <a href=\"https:\/\/hockeysverige.se\/spelare\/filip-cederqvist\" rel=\"nofollow noopener\" target=\"_blank\">Filip Cederqvist<\/a> flyttas ner till fj\u00e4rdekedjan med Nicklas Lasu och <a href=\"https:\/\/hockeysverige.se\/spelare\/isac-born\" rel=\"nofollow noopener\" target=\"_blank\">Isac Born<\/a>. <\/p>\n<blockquote class=\"twitter-tweet\" data-width=\"500\" data-dnt=\"true\">\n<p lang=\"sv\" dir=\"ltr\">LAGET I SEMIFINAL 1!<\/p>\n<p>V\u00e5ra JVM-killar \u00e4r tillbaka i laget, Ivar Stenberg \u00e5terf\u00f6renas med Max Lindholm &amp; Theodor Niederbach, Max Westerg\u00e5rd inleder som extraforward. Lasse i m\u00e5l. Laget i sin helhet ser du i grafiken nedan.<\/p>\n<p>Nedsl\u00e4pp kl 19:00, f\u00f6lj matchen p\u00e5 TV10 och Viaplay. <a href=\"https:\/\/t.co\/y8HD64viNs\" rel=\"nofollow\">pic.twitter.com\/y8HD64viNs<\/a><\/p>\n<p>\u2014 Fr\u00f6lunda HC (@frolunda_hc) <a href=\"https:\/\/twitter.com\/frolunda_hc\/status\/2011105962891854072?ref_src=twsrc%5Etfw\" rel=\"nofollow noopener\" target=\"_blank\">January 13, 2026<\/a><\/p><\/blockquote>\n<p>Matchen b\u00f6rjar med start 19:00 i Monitor ERP Arena. <\/p>\n<p> Source: <a href=\"https:\/\/www.eliteprospects.com\/player\/9009\/johan-larsson\" target=\"_blank\" rel=\"noopener noreferrer nofollow\">Johan Larsson<\/a> @ Elite Prospects<\/p>\n<p><script async src=\"https:\/\/platform.twitter.com\/widgets.js\" charset=\"utf-8\"><\/script><\/p>\n","protected":false},"excerpt":{"rendered":"Bryn\u00e4s tvingas klara sig utan sin lagkapten i CHL-semifinalen.Johan Larsson saknas i kv\u00e4llens match mot Fr\u00f6lunda. Johan Larsson&hellip;\n","protected":false},"author":2,"featured_media":134957,"comment_status":"","ping_status":"","sticky":false,"template":"","format":"standard","meta":{"footnotes":""},"categories":[5],"tags":[22,23,26,27,17,21,24,25,28,29,15,16,18,34,133,31,33,32,30,19,20],"class_list":{"0":"post-134956","1":"post","2":"type-post","3":"status-publish","4":"format-standard","5":"has-post-thumbnail","7":"category-rubriker","8":"tag-breaking-news","9":"tag-breakingnews","10":"tag-featured-news","11":"tag-featurednews","12":"tag-headlines","13":"tag-huvudnyheter","14":"tag-latest-news","15":"tag-latestnews","16":"tag-main-news","17":"tag-mainnews","18":"tag-news","19":"tag-nyheter","20":"tag-rubriker","21":"tag-se","22":"tag-second-news","23":"tag-svenska","24":"tag-sverige","25":"tag-sweden","26":"tag-swedish","27":"tag-top-stories","28":"tag-topstories"},"share_on_mastodon":{"url":"https:\/\/pubeurope.com\/@se\/115890271222222876","error":""},"_links":{"self":[{"href":"https:\/\/www.europesays.com\/se\/wp-json\/wp\/v2\/posts\/134956","targetHints":{"allow":["GET"]}}],"collection":[{"href":"https:\/\/www.europesays.com\/se\/wp-json\/wp\/v2\/posts"}],"about":[{"href":"https:\/\/www.europesays.com\/se\/wp-json\/wp\/v2\/types\/post"}],"author":[{"embeddable":true,"href":"https:\/\/www.europesays.com\/se\/wp-json\/wp\/v2\/users\/2"}],"replies":[{"embeddable":true,"href":"https:\/\/www.europesays.com\/se\/wp-json\/wp\/v2\/comments?post=134956"}],"version-history":[{"count":0,"href":"https:\/\/www.europesays.com\/se\/wp-json\/wp\/v2\/posts\/134956\/revisions"}],"wp:featuredmedia":[{"embeddable":true,"href":"https:\/\/www.europesays.com\/se\/wp-json\/wp\/v2\/media\/134957"}],"wp:attachment":[{"href":"https:\/\/www.europesays.com\/se\/wp-json\/wp\/v2\/media?parent=134956"}],"wp:term":[{"taxonomy":"category","embeddable":true,"href":"https:\/\/www.europesays.com\/se\/wp-json\/wp\/v2\/categories?post=134956"},{"taxonomy":"post_tag","embeddable":true,"href":"https:\/\/www.europesays.com\/se\/wp-json\/wp\/v2\/tags?post=134956"}],"curies":[{"name":"wp","href":"https:\/\/api.w.org\/{rel}","templated":true}]}}