{"id":134958,"date":"2026-01-13T23:00:26","date_gmt":"2026-01-13T23:00:26","guid":{"rendered":"https:\/\/www.europesays.com\/se\/134958\/"},"modified":"2026-01-13T23:00:26","modified_gmt":"2026-01-13T23:00:26","slug":"ahmetovic-slar-tillbaka-mot-erlingmarks-kritik-supermarkligt-superettan","status":"publish","type":"post","link":"https:\/\/www.europesays.com\/se\/134958\/","title":{"rendered":"Ahmetovic sl\u00e5r tillbaka mot Erlingmarks kritik: &#8221;Superm\u00e4rkligt&#8221; &#8211; Superettan"},"content":{"rendered":"<p>\u00d6rebro SK har startat upp f\u00f6rs\u00e4songen inf\u00f6r 2026 &#8211; efter ett turbulent 2025 som slutade med ett s\u00e4krat kontrakt efter kvalspel mot HTFF f\u00f6rra h\u00f6sten.<\/p>\n<p>Ett flertal spelare har l\u00e4mnat och flera har tillkommit till den trupp som klubbens nya tr\u00e4nare Rikard Norling f\u00f6rfogar \u00f6ver kommande \u00e5r.<\/p>\n<p>\u00d6SK:s s\u00e4songsuppladdning har dock f\u00e5tt annan uppm\u00e4rksamhet d\u00e5 lokaltidningen <a href=\"https:\/\/www.na.se\/2026-01-12\/spelarfacket-osk-begar-grovt-kontraktsbrott\/\" target=\"_blank\" rel=\"nofollow noopener\">NA<\/a> under g\u00e5rdagen publicerade en artikel som r\u00f6rt upp k\u00e4nslor.<\/p>\n<p>D\u00e4r uppgavs det att tre spelare, Erik Andersson, Oskar K\u00e4ck och Melvin Bajrovic v\u00e4rmde upp med resten av \u00d6SK-truppen inf\u00f6r m\u00e5ndagens tr\u00e4ning, men n\u00e4r boll\u00f6vningarna skulle b\u00f6rja fick de kliva \u00e5t sidan och k\u00f6ra f\u00f6r sig sj\u00e4lva.<\/p>\n<p>Magnus Erlingmark, generalsekreterare i spelarnas fackf\u00f6rening Spelarf\u00f6reningen Fotboll i Sverige reagerade starkt p\u00e5 den p\u00e5st\u00e5dda hanteringen av spelarna i artikeln.<\/p>\n<p>&#8211; N\u00e4r det g\u00e4ller fotbollsklubbar som arbetsgivare \u00e4r de tv\u00e5 viktigaste uppgifterna att betala l\u00f6n i r\u00e4tt tid och att erbjuda tr\u00e4ning likt \u00f6vriga i truppen, s\u00e5 att spelaren f\u00e5r samma f\u00f6ruts\u00e4ttningar som de andra. Undantaget \u00e4r om man har n\u00e5got annat inskrivet i sitt avtal, om man \u00e4r junior eller liknande och kan tr\u00e4na och spela med yngre lag sa Erlingmark till <a href=\"https:\/\/www.na.se\/2026-01-12\/spelarfacket-osk-begar-grovt-kontraktsbrott\/\" target=\"_blank\" rel=\"nofollow noopener\">NA<\/a> och fortsatte:<\/p>\n<p>&#8211; Men i det h\u00e4r fallet g\u00e4ller det etablerade spelare som f\u00e5r springa vid sidan, och det \u00e4r inte okej. \u00c4r de inte skadade s\u00e5 finns det inget sk\u00e4l att de ska tr\u00e4na f\u00f6r sig. S\u00e5 h\u00e4r f\u00e5r man inte g\u00f6ra. Det \u00e4r ett grovt kontraktsbrott. Det finns domar p\u00e5 det.<\/p>\n<p>N\u00e4r Fotbollskanalen n\u00e5r \u00d6SK:s sportchef Enes Ahmetovic ger han sin bild av situationen. Han betonar att han besvarar Fotbollskanalens fr\u00e5gor i egenskap av tj\u00e4nsteman f\u00f6r klubben snarare \u00e4n utifr\u00e5n sina personliga v\u00e4rderingar.<\/p>\n<p>&#8211; I g\u00e5r kom en artikel d\u00e4r det p\u00e5stods att tre spelare inte tr\u00e4nat eller f\u00e5tt g\u00f6ra det p\u00e5 sidan. Det \u00e4r detta som Erlingmark besvarar, vilket jag tycker \u00e4r mycket sp\u00e4nnande eftersom han inte har hela kontexten, vilket \u00e4r att de var med och \u00e4r med i tr\u00e4ning, s\u00e4ger Ahmetovic och forts\u00e4tter:<\/p>\n<p>&#8211; Sen om vi tr\u00e4nar elva mot elva och har fyra spelare utanf\u00f6r \u00e4r det sv\u00e5rt att spela tolv mot tolv. Om det \u00e4r ett grovt kontraktsbrott f\u00e5r v\u00e4l Erlingmark st\u00e5 f\u00f6r det. Det \u00e4r dock n\u00e5got vi gjorde \u00e4ven f\u00f6rra \u00e5ret och som jag vet f\u00f6rsigg\u00e5r\u00a0som en normalitet i andra klubbar n\u00e4r det spelas elva mot elva.<\/p>\n<p><strong>Du menar att han inte haft tillr\u00e4cklig information innan han uttalat sig?<\/strong><br \/>&#8211; Jag upplever att om vi hade gjort n\u00e5gonting felaktigt s\u00e5 hade Erlingmark p\u00e5talat det f\u00f6r oss och d\u00e5 f\u00e5tt hela bilden. Inte att skjuta genom mediala uppgifter fr\u00e5n en journalist som inte ens var p\u00e5 plats p\u00e5 tr\u00e4ningen. S\u00e5 hade inte jag hanterat det.<\/p>\n<p><strong>Ni har inte f\u00e5tt n\u00e5gon kontakt med spelf\u00f6reningen eller Erlingmark?<\/strong><br \/>&#8211; Absolut inte. Det som \u00e4r \u00e4nnu mer intressant \u00e4r att jag ju har kontakt med de h\u00e4r spelarna i vardagen och har en relation till dem. Erlingmark vet inte vad som \u00e4r sagt mellan mig och spelarna. Jag tycker det var superm\u00e4rkligt. Ska man ge sig in i en s\u00e5dan h\u00e4r fr\u00e5ga m\u00e5ste man v\u00e4l \u00e4nd\u00e5 s\u00e4ga det till oss som klubb, inte via media.<\/p>\n<p><strong>Du anser att det finns en god relation med de tre spelarna (Erik Andersson, Oskar K\u00e4ck och Melvin Bajrovic) som artikeln tog upp?<\/strong><br \/>&#8211; Jag \u00e4r anst\u00e4lld av klubben och m\u00e5ste g\u00f6ra b\u00e5de det b\u00e4sta f\u00f6r klubben och det klubben kr\u00e4ver av mig,\u00a0samtidigt har jag ett arbetsgivaransvar mot spelarna som sportchef. S\u00e5 jag har en skyldighet att g\u00f6ra det b\u00e4sta f\u00f6r b\u00e5da parter. <\/p>\n<p>&#8211; Jag upplever att vi haft en god relation med alla och har inget problem med n\u00e5gon av spelarna som n\u00e4mns. Vad jag vet har inte spelarna sagt n\u00e5gonting annat till mig. Jag tycker att dialogen med dem sker i j\u00e4ttegod ton.<\/p>\n<p>\u00d6SK:s tillf\u00f6rordnade vd och klubbchef Niklas Aronsson\u00a0uttalade sig till NA om att klubben skulle ta upp fr\u00e5gan om Spelarf\u00f6reningen och Erlingmarks kritik p\u00e5 ett styrelsem\u00f6te under tisdagen. Ahmetovic betonar att m\u00f6tet inte kommer kretsa kring kritiken som f\u00f6rts fram men att den l\u00e4r lyftas.<\/p>\n<p><strong>K\u00e4nner ni er s\u00e4kra p\u00e5 att ni inte gjort n\u00e5gonting fel i den h\u00e4r situationen?<\/strong><br \/>&#8211; Det som \u00e4r viktigt att f\u00f6rst\u00e5 \u00e4r att det h\u00e4r inte \u00e4r ett Enes Ahmetovic-beslut eller Rikard Norling-beslut. Det\u00a0h\u00e4r \u00e4r initierat och lyft inom klubben och jag som sportchef kommer alltid g\u00f6ra som min klubb ber mig om i god ton gentemot spelarna. S\u00e5 det h\u00e4r \u00e4r n\u00e5got vi har diskuterat tidigare och s\u00e4kerligen kommer g\u00f6ra fram\u00f6ver ocks\u00e5.<\/p>\n<p><strong>Har klubben meddelat att den n\u00e4mnda trion ska s\u00f6ka sig till en annan klubb?<\/strong><br \/>&#8211; Det \u00e4r viktigt att po\u00e4ngtera \u00e4r att det inte finns n\u00e5got klubbeslut p\u00e5 att de h\u00e4r killarna inte ska tr\u00e4na, f\u00f6r det \u00e4r osanning. De \u00e4r med och tr\u00e4nar. D\u00e4remot kan det handla om att prioritera olika spelare, precis som du g\u00f6r under s\u00e4song n\u00e4r du v\u00e4rderar en f\u00f6rs\u00e4ljningsbar spelare framf\u00f6r en spelare med utg\u00e5ende avtal exempelvis.<\/p>\n<p><strong>De som inte \u00e4r prioriterade, har de f\u00e5tt sagt till sig att de b\u00f6r s\u00f6ka sig bort?<\/strong><br \/>&#8211; Melvin Bajrovic och Erik Andersson var b\u00e5da h\u00e4r under h\u00f6sten medan Oskar K\u00e4ck var utl\u00e5nad. Men vi har haft en v\u00e4ldigt tung situation ihop under h\u00f6sten d\u00e4r vi spenderat massa tid med att ta hand om varandra och st\u00f6tta varandra f\u00f6r att l\u00f6sa en tung situation tillsammans. <\/p>\n<p>&#8211; Jag kommer aldrig st\u00e5 och s\u00e4ga vad jag s\u00e4ger mellan oss och dem till n\u00e5gon annan \u00e4n spelarna. Det \u00e4r min skyldighet till spelarna. Det viktiga \u00e4r att vi som \u00e4r involverade vet vad som \u00e4r sagt.<\/p>\n<p>\u00d6SK:s sportchef tycker det \u00e4r tr\u00e5kigt\u00a0att starten p\u00e5 s\u00e4songen nu \u00f6verskuggas av vad som han upplever \u00e4r en uppbl\u00e5st situation men ser med tillf\u00f6rsikt inf\u00f6r 2026.<\/p>\n<p>&#8211; Vi har lagt s\u00e5 mycket krut och timmar under vintern p\u00e5 att g\u00f6ra n\u00e5gonting bra efter en extrem s\u00e4song. Det k\u00e4nns som att vi har n\u00e5gonting p\u00e5 g\u00e5ng. Vi har f\u00e5tt in en ny tr\u00e4nare, som har ett\u00a0stort f\u00f6rtroende fr\u00e5n spelarna, ett par fina nyf\u00f6rv\u00e4rv\u00a0och folket runt om kring klubben k\u00e4nns taggade. S\u00e5 det k\u00e4nns v\u00e4ldigt sp\u00e4nnande inf\u00f6r \u00e5ret, s\u00e4ger Ahmetovic.<\/p>\n","protected":false},"excerpt":{"rendered":"\u00d6rebro SK har startat upp f\u00f6rs\u00e4songen inf\u00f6r 2026 &#8211; efter ett turbulent 2025 som slutade med ett s\u00e4krat&hellip;\n","protected":false},"author":2,"featured_media":134959,"comment_status":"","ping_status":"","sticky":false,"template":"","format":"standard","meta":{"footnotes":""},"categories":[68],"tags":[34,111,110,31,33,32,30],"class_list":{"0":"post-134958","1":"post","2":"type-post","3":"status-publish","4":"format-standard","5":"has-post-thumbnail","7":"category-sport","8":"tag-se","9":"tag-sport","10":"tag-sports","11":"tag-svenska","12":"tag-sverige","13":"tag-sweden","14":"tag-swedish"},"share_on_mastodon":{"url":"https:\/\/pubeurope.com\/@se\/115890279074803387","error":""},"_links":{"self":[{"href":"https:\/\/www.europesays.com\/se\/wp-json\/wp\/v2\/posts\/134958","targetHints":{"allow":["GET"]}}],"collection":[{"href":"https:\/\/www.europesays.com\/se\/wp-json\/wp\/v2\/posts"}],"about":[{"href":"https:\/\/www.europesays.com\/se\/wp-json\/wp\/v2\/types\/post"}],"author":[{"embeddable":true,"href":"https:\/\/www.europesays.com\/se\/wp-json\/wp\/v2\/users\/2"}],"replies":[{"embeddable":true,"href":"https:\/\/www.europesays.com\/se\/wp-json\/wp\/v2\/comments?post=134958"}],"version-history":[{"count":0,"href":"https:\/\/www.europesays.com\/se\/wp-json\/wp\/v2\/posts\/134958\/revisions"}],"wp:featuredmedia":[{"embeddable":true,"href":"https:\/\/www.europesays.com\/se\/wp-json\/wp\/v2\/media\/134959"}],"wp:attachment":[{"href":"https:\/\/www.europesays.com\/se\/wp-json\/wp\/v2\/media?parent=134958"}],"wp:term":[{"taxonomy":"category","embeddable":true,"href":"https:\/\/www.europesays.com\/se\/wp-json\/wp\/v2\/categories?post=134958"},{"taxonomy":"post_tag","embeddable":true,"href":"https:\/\/www.europesays.com\/se\/wp-json\/wp\/v2\/tags?post=134958"}],"curies":[{"name":"wp","href":"https:\/\/api.w.org\/{rel}","templated":true}]}}