{"id":134960,"date":"2026-01-13T23:04:06","date_gmt":"2026-01-13T23:04:06","guid":{"rendered":"https:\/\/www.europesays.com\/se\/134960\/"},"modified":"2026-01-13T23:04:06","modified_gmt":"2026-01-13T23:04:06","slug":"harresande-fyndet-pa-turiststranden-i-ecuador","status":"publish","type":"post","link":"https:\/\/www.europesays.com\/se\/134960\/","title":{"rendered":"H\u00e5rresande fyndet p\u00e5 turiststranden i Ecuador"},"content":{"rendered":"<p>Publicerad 13 jan 2026 kl 21.56<\/p>\n<p>Fem halshuggna huvuden har hittats p\u00e5 en popul\u00e4r turiststrand i Ecuador.<\/p>\n<p>Polisen misst\u00e4nker att de \u00e4r ett brutalt varningsmeddelande till kriminella g\u00e4ng som hotat lokala fiskare, skriver <a href=\"https:\/\/www.bbc.com\/news\/articles\/c2e13mlr17go\" rel=\"nofollow noopener\" target=\"_blank\">BBC<\/a>.\u00a0<\/p>\n<p>Senaste nyhetsklippen fr\u00e5n Expressen.<img   alt=\"\"\/><\/p>\n<p>Soldater patrullerar stranden i Puerto Lop\u00e9z 2024.<\/p>\n<p>Foto: Dolores Ochoa \/ TT NYHETSBYR\u00c5N<\/p>\n<p>\u00d6ppna bild i helsk\u00e4rm<\/p>\n<p>Det makabra fyndet gjordes p\u00e5 s\u00f6ndagen i Puerto L\u00f3pez, en kustort i den v\u00e4stra delen av landet som \u00e4r k\u00e4nd f\u00f6r sin valsk\u00e5dning och varje \u00e5r lockar m\u00e5nga turister.<\/p>\n<p>Intill huvudena l\u00e5g en skylt med hot om att samma \u00f6de v\u00e4ntar den som stj\u00e4l fr\u00e5n eller utpressar fiskare.<\/p>\n<p>Polisen har identifierat kvarlevorna som fem m\u00e4n som anm\u00e4lts f\u00f6rsvunna n\u00e5gra dagar tidigare. De var mellan 20 och 34 \u00e5r gamla. Kropparna har \u00e4nnu inte hittats.<\/p>\n<p>Maktkamp mellan kriminella<\/p>\n<p>St\u00e4der och hamnar l\u00e4ngs <a href=\"https:\/\/www.expressen.se\/tagg\/location\/ecuador\/\" class=\"\" rel=\"nofollow noopener\" target=\"_blank\">Ecuadors<\/a> Stillahavskust h\u00f6r till de omr\u00e5den som drabbats v\u00e4rst av g\u00e4ngkriminaliteten. Landet har blivit en viktig transitpunkt f\u00f6r kokain som smugglas fr\u00e5n Colombia och Peru vidare till USA och Europa, skriver BBC.<\/p>\n<p>Puerto Lop\u00e9z skakades nyligen av flera d\u00f6dsskjutningar. Den 28 december d\u00f6dades sex personer, d\u00e4ribland ett tv\u00e5\u00e5rigt barn, n\u00e4r bev\u00e4pnade m\u00e4n \u00f6ppnade eld p\u00e5 stranden. Dagen innan d\u00f6dades ytterligare tre personer.<\/p>\n<p>Enligt polisen r\u00f6r det sig om en maktkamp mellan rivaliserande fraktioner inom det \u00f6k\u00e4nda g\u00e4nget Los Choneros.<\/p>\n<p>I september klassade USA g\u00e4nget som en utl\u00e4ndsk terroristorganisation. Dess ledare, k\u00e4nd som \u201dFito\u201d, utl\u00e4mnades till USA i juli f\u00f6rra \u00e5ret.<\/p>\n","protected":false},"excerpt":{"rendered":"Publicerad 13 jan 2026 kl 21.56 Fem halshuggna huvuden har hittats p\u00e5 en popul\u00e4r turiststrand i Ecuador. Polisen&hellip;\n","protected":false},"author":2,"featured_media":134961,"comment_status":"","ping_status":"","sticky":false,"template":"","format":"standard","meta":{"footnotes":""},"categories":[14],"tags":[22,23,26,27,17,21,24,25,13655,28,29,15,16,18,34,55,31,33,32,30,19,856,20,51,52,53,54],"class_list":{"0":"post-134960","1":"post","2":"type-post","3":"status-publish","4":"format-standard","5":"has-post-thumbnail","7":"category-varlden","8":"tag-breaking-news","9":"tag-breakingnews","10":"tag-featured-news","11":"tag-featurednews","12":"tag-headlines","13":"tag-huvudnyheter","14":"tag-latest-news","15":"tag-latestnews","16":"tag-location-ecuador","17":"tag-main-news","18":"tag-mainnews","19":"tag-news","20":"tag-nyheter","21":"tag-rubriker","22":"tag-se","23":"tag-sections-varlden","24":"tag-svenska","25":"tag-sverige","26":"tag-sweden","27":"tag-swedish","28":"tag-top-stories","29":"tag-topic-resa-turism","30":"tag-topstories","31":"tag-varlden","32":"tag-world","33":"tag-world-news","34":"tag-worldnews"},"share_on_mastodon":{"url":"https:\/\/pubeurope.com\/@se\/115890294747613997","error":""},"_links":{"self":[{"href":"https:\/\/www.europesays.com\/se\/wp-json\/wp\/v2\/posts\/134960","targetHints":{"allow":["GET"]}}],"collection":[{"href":"https:\/\/www.europesays.com\/se\/wp-json\/wp\/v2\/posts"}],"about":[{"href":"https:\/\/www.europesays.com\/se\/wp-json\/wp\/v2\/types\/post"}],"author":[{"embeddable":true,"href":"https:\/\/www.europesays.com\/se\/wp-json\/wp\/v2\/users\/2"}],"replies":[{"embeddable":true,"href":"https:\/\/www.europesays.com\/se\/wp-json\/wp\/v2\/comments?post=134960"}],"version-history":[{"count":0,"href":"https:\/\/www.europesays.com\/se\/wp-json\/wp\/v2\/posts\/134960\/revisions"}],"wp:featuredmedia":[{"embeddable":true,"href":"https:\/\/www.europesays.com\/se\/wp-json\/wp\/v2\/media\/134961"}],"wp:attachment":[{"href":"https:\/\/www.europesays.com\/se\/wp-json\/wp\/v2\/media?parent=134960"}],"wp:term":[{"taxonomy":"category","embeddable":true,"href":"https:\/\/www.europesays.com\/se\/wp-json\/wp\/v2\/categories?post=134960"},{"taxonomy":"post_tag","embeddable":true,"href":"https:\/\/www.europesays.com\/se\/wp-json\/wp\/v2\/tags?post=134960"}],"curies":[{"name":"wp","href":"https:\/\/api.w.org\/{rel}","templated":true}]}}