{"id":134962,"date":"2026-01-13T23:05:23","date_gmt":"2026-01-13T23:05:23","guid":{"rendered":"https:\/\/www.europesays.com\/se\/134962\/"},"modified":"2026-01-13T23:05:23","modified_gmt":"2026-01-13T23:05:23","slug":"museer-kulturarv-och-kulturmiljo-region-jonkopings-lan","status":"publish","type":"post","link":"https:\/\/www.europesays.com\/se\/134962\/","title":{"rendered":"Museer, kulturarv och kulturmilj\u00f6, Region J\u00f6nk\u00f6pings l\u00e4n"},"content":{"rendered":"<p class=\"main-intro\">Kulturarv avser s\u00e5v\u00e4l materiella som immateriella uttryck, som traditioner, spr\u00e5k, konstn\u00e4rliga verk, hantverkskunnande, arkiv- och f\u00f6rem\u00e5lssamlingar, historiska l\u00e4mningar samt kulturmilj\u00f6er och kulturlandskap. Kulturarv \u00e4r inte statiskt utan n\u00e5got som m\u00e4nniskor enskilt eller i grupp st\u00e4ndigt skapar, omformulerar, f\u00f6r\u00e4ndrar, f\u00f6rst\u00e4rker och f\u00f6rsvagar \u00f6ver tid. Begreppet kulturarv ska tolkas i sin fulla bredd och vara en angel\u00e4genhet f\u00f6r fler konst- och bildningsomr\u00e5den. Museisektorns roll som kunskaps- och demokratiutvecklande verksamhetsomr\u00e5de \u00e4r i f\u00f6r\u00e4ndring. Samh\u00e4llsuppdraget har breddats och en st\u00f6djande museilag har stiftats.<\/p>\n<p>                Omr\u00e5det st\u00e4rks genom att:<\/p>\n<ul>\n<li>samarbeta med skolan i pedagogiska projekt<\/li>\n<li>fr\u00e4mja tv\u00e4rsektoriellt arbete f\u00f6r att n\u00e5 och ang\u00e5 nya m\u00e5lgrupper<\/li>\n<li>fr\u00e4mja fortsatt digitalisering f\u00f6r till\u00adg\u00e4nglighet, delaktighet och l\u00e4rande<\/li>\n<li>st\u00e4rka samspelet inom kulturmilj\u00f6arbetet<\/li>\n<li>fr\u00e4mja samlingstillv\u00e4xt f\u00f6r materiellt och immateriellt kulturarv.<\/li>\n<\/ul>\n","protected":false},"excerpt":{"rendered":"Kulturarv avser s\u00e5v\u00e4l materiella som immateriella uttryck, som traditioner, spr\u00e5k, konstn\u00e4rliga verk, hantverkskunnande, arkiv- och f\u00f6rem\u00e5lssamlingar, historiska l\u00e4mningar&hellip;\n","protected":false},"author":2,"featured_media":39544,"comment_status":"","ping_status":"","sticky":false,"template":"","format":"standard","meta":{"footnotes":""},"categories":[12],"tags":[22,23,26,27,17,21,24,25,28,29,15,16,18,34,31,33,32,30,19,20],"class_list":{"0":"post-134962","1":"post","2":"type-post","3":"status-publish","4":"format-standard","5":"has-post-thumbnail","7":"category-sverige","8":"tag-breaking-news","9":"tag-breakingnews","10":"tag-featured-news","11":"tag-featurednews","12":"tag-headlines","13":"tag-huvudnyheter","14":"tag-latest-news","15":"tag-latestnews","16":"tag-main-news","17":"tag-mainnews","18":"tag-news","19":"tag-nyheter","20":"tag-rubriker","21":"tag-se","22":"tag-svenska","23":"tag-sverige","24":"tag-sweden","25":"tag-swedish","26":"tag-top-stories","27":"tag-topstories"},"share_on_mastodon":{"url":"https:\/\/pubeurope.com\/@se\/115890298692471731","error":""},"_links":{"self":[{"href":"https:\/\/www.europesays.com\/se\/wp-json\/wp\/v2\/posts\/134962","targetHints":{"allow":["GET"]}}],"collection":[{"href":"https:\/\/www.europesays.com\/se\/wp-json\/wp\/v2\/posts"}],"about":[{"href":"https:\/\/www.europesays.com\/se\/wp-json\/wp\/v2\/types\/post"}],"author":[{"embeddable":true,"href":"https:\/\/www.europesays.com\/se\/wp-json\/wp\/v2\/users\/2"}],"replies":[{"embeddable":true,"href":"https:\/\/www.europesays.com\/se\/wp-json\/wp\/v2\/comments?post=134962"}],"version-history":[{"count":0,"href":"https:\/\/www.europesays.com\/se\/wp-json\/wp\/v2\/posts\/134962\/revisions"}],"wp:featuredmedia":[{"embeddable":true,"href":"https:\/\/www.europesays.com\/se\/wp-json\/wp\/v2\/media\/39544"}],"wp:attachment":[{"href":"https:\/\/www.europesays.com\/se\/wp-json\/wp\/v2\/media?parent=134962"}],"wp:term":[{"taxonomy":"category","embeddable":true,"href":"https:\/\/www.europesays.com\/se\/wp-json\/wp\/v2\/categories?post=134962"},{"taxonomy":"post_tag","embeddable":true,"href":"https:\/\/www.europesays.com\/se\/wp-json\/wp\/v2\/tags?post=134962"}],"curies":[{"name":"wp","href":"https:\/\/api.w.org\/{rel}","templated":true}]}}