{"id":134981,"date":"2026-01-13T23:32:20","date_gmt":"2026-01-13T23:32:20","guid":{"rendered":"https:\/\/www.europesays.com\/se\/134981\/"},"modified":"2026-01-13T23:32:20","modified_gmt":"2026-01-13T23:32:20","slug":"du-ska-fa-varna-om-domd-pedofil","status":"publish","type":"post","link":"https:\/\/www.europesays.com\/se\/134981\/","title":{"rendered":"Du ska f\u00e5 varna om d\u00f6md pedofil"},"content":{"rendered":"<p>Publicerad 13 jan 2026 kl 16.06Uppdaterad kl 16.11<\/p>\n<p>Svensk lag ska skydda brottsoffer \u2013 inte g\u00e4rningsm\u00e4n.<\/p>\n<p>Man borde kunna varna sina grannar f\u00f6r en d\u00f6md pedofil.<\/p>\n<p>Vi vill d\u00e4rf\u00f6r att lagstiftningen f\u00f6r vad som \u00e4r f\u00f6rtal ses \u00f6ver och korrigeras, skriver Ulf Kristersson (M), Elisabeth Svantesson (M) och Gunnar Str\u00f6mmer (M).<\/p>\n<p><img   alt=\"\"\/><\/p>\n<p>Ulf Kristersson (M), partiordf\u00f6rande.<\/p>\n<p>Foto: SVEN LINDWALL<\/p>\n<p>\u00d6ppna bild i helsk\u00e4rm<img loading=\"lazy\"   alt=\"\"\/><\/p>\n<p>Vilma Andersson misst\u00e4nks f\u00f6r mordet p\u00e5 en 25-\u00e5rig kvinna i R\u00f6nninge.<\/p>\n<p>\u00d6ppna bild i helsk\u00e4rm<\/p>\n<p>Detta \u00e4r en debattartikel. Det \u00e4r skribenten som st\u00e5r f\u00f6r \u00e5sikterna i texten.&#13;<br \/>\n&#13;\n<\/p>\n<p><strong>DEBATT. <\/strong>F\u00f6r <a href=\"https:\/\/www.expressen.se\/tagg\/organization\/moderaterna\/\" class=\"\" rel=\"nofollow noopener\" target=\"_blank\">Moderaterna<\/a> \u00e4r det sj\u00e4lvklart att svenska lagar ska skydda samh\u00e4lle och brottsoffer \u2013 inte d\u00f6mda m\u00f6rdare, v\u00e5ldt\u00e4ktsm\u00e4n och pedofiler. Flera h\u00e4ndelser har den senaste tiden bekr\u00e4ftat att s\u00e5 inte alltid \u00e4r fallet och det leder till en allvarlig k\u00e4nsla av otrygghet, inte minst f\u00f6r kvinnor.\u00a0<\/p>\n<p>Regeringen g\u00f6r nu en historisk oml\u00e4ggning av kriminalpolitiken. Vi bek\u00e4mpar m\u00e4ns v\u00e5ld mot kvinnor med samma beslutsamhet som vi bek\u00e4mpar g\u00e4ngkriminaliteten.<\/p>\n<p>Nu skiftar vi perspektiv: bort fr\u00e5n tidigare fokus p\u00e5 g\u00e4rningsmannens intressen f\u00f6r att i st\u00e4llet ge brottsoffren uppr\u00e4ttelse och g\u00f6ra Sverige tryggare.<\/p>\n<p>Nollvision<\/p>\n<p>En viktig del handlar om straffen. Farliga brottslingar ska sitta inne s\u00e5 att alla sk\u00f6tsamma m\u00e4nniskor v\u00e5gar vara ute. F\u00f6r\u00e4ldrar ska inte beh\u00f6va k\u00e4nna oro \u00f6ver att l\u00e5ta barnen g\u00e5 hem sj\u00e4lva fr\u00e5n tr\u00e4ningen. Kvinnor i ett av v\u00e4rldens mest j\u00e4mst\u00e4llda l\u00e4nder ska inte beh\u00f6va frukta f\u00f6r sina liv p\u00e5 v\u00e4gen hem p\u00e5 kv\u00e4llen eller i sitt eget hem.<\/p>\n<p>Det \u00e4r d\u00e4rf\u00f6r vi har tagit initiativ till att utforma en konkret nollvision mot m\u00e4ns v\u00e5ld mot kvinnor. Det \u00e4r d\u00e4rf\u00f6r ett s\u00e4rskilt ministerr\u00e5d i Regeringskansliet tills\u00e4tts f\u00f6r att systematisera det samlade arbetet med m\u00e4ns v\u00e5ld mot kvinnor, oavsett var f\u00f6r\u00e4ndringar m\u00e5ste genomf\u00f6ras. Och det \u00e4r d\u00e4rf\u00f6r vi sk\u00e4rper straffen.<\/p>\n<p>Om h\u00f6g \u00e5terfallsrisk \u2013 sl\u00e4pp inte ut i f\u00f6rtid<\/p>\n<p>Vi ser till att kriminella med h\u00f6g \u00e5terfallsrisk inte sl\u00e4pps ut fr\u00e5n f\u00e4ngelse i f\u00f6rtid. Vi inf\u00f6r ett nytt straff \u2013 s\u00e4kerhetsf\u00f6rvaring \u2013 s\u00e5 att v\u00e5ldt\u00e4ktsm\u00e4n och pedofiler som riskerar att ge sig p\u00e5 nya offer kan l\u00e5sas in och aldrig sl\u00e4ppas ut.<\/p>\n<p>Men detta perspektivskifte ska inte bara synas i straffen \u2013 det m\u00e5ste genomsyra all lagstiftning. Ett antal fall, inte minst det fruktansv\u00e4rda mordet i R\u00f6nninge, har satt ljuset p\u00e5 att \u00e4nnu mer m\u00e5ste g\u00f6ras.<\/p>\n<p><img loading=\"lazy\"   alt=\"\"\/><\/p>\n<p>Gunnar Str\u00f6mmer (M) och Elisabeth Svantesson (M) bes\u00f6kte minnesplatsen vid R\u00f6nninge torg efter mordet p\u00e5 en kvinna i 25-\u00e5rs\u00e5ldern i slutet av f\u00f6rra \u00e5ret.<\/p>\n<p>Foto: Fredrik Persson \/TT NYHETSBYR\u00c5N<\/p>\n<p>\u00d6ppna bild i helsk\u00e4rm<\/p>\n<p>Moderaterna f\u00f6r nu in fyra f\u00f6rslag i det arbetet, f\u00f6r att hela systemet b\u00e4ttre ska skydda samh\u00e4lle och brottsoffer i st\u00e4llet f\u00f6r g\u00e4rningsm\u00e4n.<\/p>\n<p>Se \u00f6ver hanteringen av namnbyten och skyddade personuppgifter med \u00f6kat fokus p\u00e5 samh\u00e4llsskydd. Det \u00e4r st\u00f6tande om grovt kriminella g\u00f6mmer sig genom namnbyten eller missbrukar systemet med skyddade personuppgifter. Det m\u00e5ste nu kartl\u00e4ggas i vilken utstr\u00e4ckning nuvarande lagstiftning f\u00f6r namn och skyddade personuppgifter missbrukas av kriminella.<\/p>\n<p>F\u00f6rl\u00e4ng lagringstiderna f\u00f6r DNA hos polisen. Medieuppgifter tyder p\u00e5 att mannen som \u00e4r misst\u00e4nkt f\u00f6r mordet i R\u00f6nninge kunde gripas tack vare att hans DNA fanns i polisens register. I dag gallras d\u00f6mda brottslingars DNA i registren 10 \u00e5r efter frigivningen. Moderaterna vill att lagringstiderna f\u00f6r den sortens uppgifter hos polisen f\u00f6rl\u00e4ngs s\u00e5 att fler \u00e5terfallsf\u00f6rbrytare kan gripas och f\u00e5 sitt straff.<\/p>\n<p>Annons<\/p>\n<p>Sk\u00e4rp straffet f\u00f6r gravfridsbrott. I dag \u00e4r maxstraffet f\u00f6r grovt gravfridsbrott fyra \u00e5rs f\u00e4ngelse. Det \u00e4r st\u00f6tande l\u00e5gt \u2013 inte minst f\u00f6r offrets sl\u00e4kt och anh\u00f6riga. Det kan ocks\u00e5 vara ett s\u00e4tt att f\u00f6rsv\u00e5ra fastst\u00e4llandet av d\u00f6dsorsak, vilket i sin tur kan p\u00e5verka m\u00f6jligheterna att bevisa vem som har beg\u00e5tt brottet. H\u00e4r vill vi se h\u00e5rdare straff \u00e4n i dag.\u00a0<\/p>\n<p>Man borde kunna varna sina grannar f\u00f6r en d\u00f6md pedofil. Ytterst \u00e4r det samh\u00e4llets uppgift att skydda medborgarna och sk\u00f6tsamma svenskar ska kunna k\u00e4nna sig s\u00e4kra \u2013 b\u00e5de f\u00f6r sin egen skull och f\u00f6r sina barn. Men n\u00e4r en d\u00f6md pedofil flyttar in i grannhuset borde man kunna informera sina grannar utan att d\u00f6mas f\u00f6r f\u00f6rtal. Vi vill d\u00e4rf\u00f6r att lagstiftningen f\u00f6r vad som \u00e4r f\u00f6rtal ses \u00f6ver och korrigeras.<\/p>\n<p>Svenska lagar ska skydda alla sk\u00f6tsamma m\u00e4nniskor \u2013 inte dem som beg\u00e5r brott. F\u00f6r oss moderater \u00e4r det en sj\u00e4lvklarhet och vi kommer driva p\u00e5 f\u00f6r detta stora perspektivskifte: Fokus p\u00e5 brottsoffer, inte p\u00e5 g\u00e4rningsman. Vi hoppas p\u00e5 brett st\u00f6d f\u00f6r v\u00e5ra f\u00f6rslag s\u00e5 att vi kan agera redan under v\u00e5ren.<\/p>\n<p>F\u00f6r det kan inte f\u00e5 vara livsfarligt att vara kvinna i v\u00e5rt samh\u00e4lle. Ingen uppgift \u00e4r viktigare f\u00f6r oss \u00e4n ett tryggare och friare Sverige.<\/p>\n<p><strong>Av Ulf Kristersson (M)<\/strong><\/p>\n<p>partiordf\u00f6rande<\/p>\n<p><strong>Elisabeth Svantesson (M)<\/strong><\/p>\n<p>f\u00f6rsta vice partiordf\u00f6rande<\/p>\n<p><strong>Gunnar Str\u00f6mmer (M)<\/strong><\/p>\n<p>ledamot i partistyrelsen<\/p>\n","protected":false},"excerpt":{"rendered":"Publicerad 13 jan 2026 kl 16.06Uppdaterad kl 16.11 Svensk lag ska skydda brottsoffer \u2013 inte g\u00e4rningsm\u00e4n. Man borde&hellip;\n","protected":false},"author":2,"featured_media":134982,"comment_status":"","ping_status":"","sticky":false,"template":"","format":"standard","meta":{"footnotes":""},"categories":[5],"tags":[22,23,26,27,17,21,24,25,12658,28,29,15,16,12861,42,43,1361,1459,18,34,31,33,32,30,19,20],"class_list":{"0":"post-134981","1":"post","2":"type-post","3":"status-publish","4":"format-standard","5":"has-post-thumbnail","7":"category-rubriker","8":"tag-breaking-news","9":"tag-breakingnews","10":"tag-featured-news","11":"tag-featurednews","12":"tag-headlines","13":"tag-huvudnyheter","14":"tag-latest-news","15":"tag-latestnews","16":"tag-location-ronninge","17":"tag-main-news","18":"tag-mainnews","19":"tag-news","20":"tag-nyheter","21":"tag-organization-dna","22":"tag-organization-moderaterna","23":"tag-organization-regeringen","24":"tag-person-elisabeth-svantesson","25":"tag-person-gunnar-strommer","26":"tag-rubriker","27":"tag-se","28":"tag-svenska","29":"tag-sverige","30":"tag-sweden","31":"tag-swedish","32":"tag-top-stories","33":"tag-topstories"},"share_on_mastodon":{"url":"https:\/\/pubeurope.com\/@se\/115890404902064582","error":""},"_links":{"self":[{"href":"https:\/\/www.europesays.com\/se\/wp-json\/wp\/v2\/posts\/134981","targetHints":{"allow":["GET"]}}],"collection":[{"href":"https:\/\/www.europesays.com\/se\/wp-json\/wp\/v2\/posts"}],"about":[{"href":"https:\/\/www.europesays.com\/se\/wp-json\/wp\/v2\/types\/post"}],"author":[{"embeddable":true,"href":"https:\/\/www.europesays.com\/se\/wp-json\/wp\/v2\/users\/2"}],"replies":[{"embeddable":true,"href":"https:\/\/www.europesays.com\/se\/wp-json\/wp\/v2\/comments?post=134981"}],"version-history":[{"count":0,"href":"https:\/\/www.europesays.com\/se\/wp-json\/wp\/v2\/posts\/134981\/revisions"}],"wp:featuredmedia":[{"embeddable":true,"href":"https:\/\/www.europesays.com\/se\/wp-json\/wp\/v2\/media\/134982"}],"wp:attachment":[{"href":"https:\/\/www.europesays.com\/se\/wp-json\/wp\/v2\/media?parent=134981"}],"wp:term":[{"taxonomy":"category","embeddable":true,"href":"https:\/\/www.europesays.com\/se\/wp-json\/wp\/v2\/categories?post=134981"},{"taxonomy":"post_tag","embeddable":true,"href":"https:\/\/www.europesays.com\/se\/wp-json\/wp\/v2\/tags?post=134981"}],"curies":[{"name":"wp","href":"https:\/\/api.w.org\/{rel}","templated":true}]}}