{"id":134991,"date":"2026-01-13T23:48:40","date_gmt":"2026-01-13T23:48:40","guid":{"rendered":"https:\/\/www.europesays.com\/se\/134991\/"},"modified":"2026-01-13T23:48:40","modified_gmt":"2026-01-13T23:48:40","slug":"smhi-ny-snovarning-i-stockholm","status":"publish","type":"post","link":"https:\/\/www.europesays.com\/se\/134991\/","title":{"rendered":"SMHI: Ny sn\u00f6varning i Stockholm"},"content":{"rendered":"<p class=\"ort\">L\u00e4net<\/p>\n<p class=\"text\">Djup sn\u00f6 och l\u00e5ga temperaturer har pr\u00e4glat b\u00f6rjan p\u00e5 januari i Stockholm hittills. <\/p>\n<p class=\"text\">I veckan ser det ut att bli mildare v\u00e4der<\/p>\n<p class=\"text\">\u2013 Vi har ett omslag i mildare v\u00e4der p\u00e5 in g\u00e5ng i dag som forts\u00e4tter under morgondagen.  Det beror p\u00e5 ett djupt l\u00e5gtryck som cirkulerar runt norska havet och tillh\u00f6rande nederb\u00f6rd som dragit in \u00f6ver s\u00f6dra Sverige, s\u00e4ger Christopher Greenland, meteorolog p\u00e5 SMHI.<\/p>\n<p class=\"text\">Men det blir inte bara varmare \u2013 utan v\u00e4ntas en hel del sn\u00f6 ocks\u00e5. SMHI har utf\u00e4rdat en gul varning f\u00f6r sn\u00f6 under onsdagen.<\/p>\n<p class=\"text\">\u2013 Det v\u00e4ntas komma in sn\u00f6fall under natten som sedan forts\u00e4tter under morgondagen. Med det mildare v\u00e4dret inneb\u00e4r det i sin tur ocks\u00e5 att det kan \u00f6verg\u00e5 i en blandad nederb\u00f6rd med regn p\u00e5 olika h\u00e5ll.<\/p>\n<p>Kan bli halt<\/p>\n<p class=\"text\">Enligt Christopher Greenland kan det komma omkring fem till tio centimeter sn\u00f6, lokalt kan det bli mer.<\/p>\n<p class=\"text\">Han ber\u00e4ttar att marken fortfarande \u00e4r kall efter de senaste dagarnas minusgrader och d\u00e4rf\u00f6r kan halka uppst\u00e5 p\u00e5 flera h\u00e5ll.<\/p>\n<p class=\"text\">\u2013 Kommer regnet eller sn\u00f6n i kontakt med det riskerar det att frysa p\u00e5 och ger upphov till halt v\u00e4glag, s\u00e4ger Christopher Greenland.<\/p>\n","protected":false},"excerpt":{"rendered":"L\u00e4net Djup sn\u00f6 och l\u00e5ga temperaturer har pr\u00e4glat b\u00f6rjan p\u00e5 januari i Stockholm hittills. I veckan ser det&hellip;\n","protected":false},"author":2,"featured_media":134992,"comment_status":"","ping_status":"","sticky":false,"template":"","format":"standard","meta":{"footnotes":""},"categories":[5],"tags":[22,23,26,27,17,21,24,25,28,29,15,16,18,34,31,33,32,30,19,20],"class_list":{"0":"post-134991","1":"post","2":"type-post","3":"status-publish","4":"format-standard","5":"has-post-thumbnail","7":"category-rubriker","8":"tag-breaking-news","9":"tag-breakingnews","10":"tag-featured-news","11":"tag-featurednews","12":"tag-headlines","13":"tag-huvudnyheter","14":"tag-latest-news","15":"tag-latestnews","16":"tag-main-news","17":"tag-mainnews","18":"tag-news","19":"tag-nyheter","20":"tag-rubriker","21":"tag-se","22":"tag-svenska","23":"tag-sverige","24":"tag-sweden","25":"tag-swedish","26":"tag-top-stories","27":"tag-topstories"},"share_on_mastodon":{"url":"https:\/\/pubeurope.com\/@se\/115890467826281002","error":""},"_links":{"self":[{"href":"https:\/\/www.europesays.com\/se\/wp-json\/wp\/v2\/posts\/134991","targetHints":{"allow":["GET"]}}],"collection":[{"href":"https:\/\/www.europesays.com\/se\/wp-json\/wp\/v2\/posts"}],"about":[{"href":"https:\/\/www.europesays.com\/se\/wp-json\/wp\/v2\/types\/post"}],"author":[{"embeddable":true,"href":"https:\/\/www.europesays.com\/se\/wp-json\/wp\/v2\/users\/2"}],"replies":[{"embeddable":true,"href":"https:\/\/www.europesays.com\/se\/wp-json\/wp\/v2\/comments?post=134991"}],"version-history":[{"count":0,"href":"https:\/\/www.europesays.com\/se\/wp-json\/wp\/v2\/posts\/134991\/revisions"}],"wp:featuredmedia":[{"embeddable":true,"href":"https:\/\/www.europesays.com\/se\/wp-json\/wp\/v2\/media\/134992"}],"wp:attachment":[{"href":"https:\/\/www.europesays.com\/se\/wp-json\/wp\/v2\/media?parent=134991"}],"wp:term":[{"taxonomy":"category","embeddable":true,"href":"https:\/\/www.europesays.com\/se\/wp-json\/wp\/v2\/categories?post=134991"},{"taxonomy":"post_tag","embeddable":true,"href":"https:\/\/www.europesays.com\/se\/wp-json\/wp\/v2\/tags?post=134991"}],"curies":[{"name":"wp","href":"https:\/\/api.w.org\/{rel}","templated":true}]}}