{"id":135001,"date":"2026-01-14T00:06:12","date_gmt":"2026-01-14T00:06:12","guid":{"rendered":"https:\/\/www.europesays.com\/se\/135001\/"},"modified":"2026-01-14T00:06:12","modified_gmt":"2026-01-14T00:06:12","slug":"skandalscener-i-futsalcup-polis-stoppade-slagsmal-fotboll","status":"publish","type":"post","link":"https:\/\/www.europesays.com\/se\/135001\/","title":{"rendered":"Skandalscener i futsalcup \u2013 polis stoppade slagsm\u00e5l | Fotboll"},"content":{"rendered":"<p>Publicerad 12 jan 2026 kl 14.41Uppdaterad kl 15.04<\/p>\n<p>Skandalscener utspelade sig under en futsalfinal i Dalarna.<\/p>\n<p>Polis beh\u00f6vde gripa in och stoppa det urartade slagsm\u00e5let.<\/p>\n<p>\u2013 Det \u00e4r n\u00e5gra f\u00e5 individer som f\u00f6rst\u00f6r f\u00f6r ett par tusen m\u00e4nniskor, s\u00e4ger arrang\u00f6ren Elvan Cicen till Borl\u00e4nge Tidning.<\/p>\n<p><img loading=\"lazy\"   alt=\"\"\/><\/p>\n<p>Finalen mellan Dalkurd Hj\u00e4rtat och Swesom fick avbrytas.<\/p>\n<p>Foto: Michael Hallner \/ Borl\u00e4nge Tidning<\/p>\n<p>\u00d6ppna bild i helsk\u00e4rm<img loading=\"lazy\"   alt=\"\"\/><\/p>\n<p>Polis tillkallades f\u00f6r att lugna ner k\u00e4nslorna.<\/p>\n<p>Foto: Michael Hallner \/ Borl\u00e4nge Tidning<\/p>\n<p>\u00d6ppna bild i helsk\u00e4rm<img loading=\"lazy\"   alt=\"\"\/> <\/p>\n<p>Foto: Michael Hallner \/ Borl\u00e4nge Tidning<\/p>\n<p>\u00d6ppna bild i helsk\u00e4rm<\/p>\n<p>Det var i s\u00f6ndagens final av futsalturneringen Forssacupen som total kalabalik utbr\u00f6t mellan lagen Dalkurd Hj\u00e4rtat och Swesom.<\/p>\n<p>Allt b\u00f6rjade med en knuff. Sedan flockades spelare, ledare och publik p\u00e5 planen.<\/p>\n<p>Knytn\u00e4vsslag och sparkar utdelades i m\u00e4ngder.<\/p>\n<p>\u2013 H\u00e4r \u00e4r det riktigt grinigt! H\u00e4r \u00e4r det riktiga skandalscener! utbrast kommentatorn i s\u00e4ndningen.<\/p>\n<p>Flertalet poliser beh\u00f6vde betr\u00e4da planen f\u00f6r att f\u00f6rs\u00f6ka lugna ner den urartade st\u00e4mningen.<\/p>\n<p><a href=\"https:\/\/www.borlangetidning.se\/2026-01-11\/forssabasens-harda-ord-forstor-for-ett-par-tusen-manniskor\/\" rel=\"nofollow noopener\" target=\"_blank\">Borl\u00e4nge Tidning<\/a> var f\u00f6rst med att rapportera om situationen. Forssacupens ordf\u00f6rande Elvan Cicen ber\u00e4ttar f\u00f6r tidningen om sin egen bedr\u00f6velse.<\/p>\n<p>\u2013 Det var succ\u00e9 fram till det som h\u00e4nde p\u00e5 slutet. Det \u00e4r j\u00e4vligt tr\u00e5kigt\u2026 det \u00e4r n\u00e5gra f\u00e5 individer som f\u00f6rst\u00f6r f\u00f6r ett par tusen m\u00e4nniskor som har varit h\u00e4r hela helgen. Det \u00e4r inte bra\u2026 vi st\u00e5r och pratar om att vi ska vara f\u00f6rebilder, visa civilkurage och respektera varandra, s\u00e4ger han.<\/p>\n<p>Forssacupen \u00e4r enligt egen utsago Dalarnas st\u00f6rsta futsalcup. Futsallicensiering \u00e4r ett krav och spelarna beh\u00f6ver vara registrerade f\u00f6r den f\u00f6rening de representerar.<\/p>\n<p>\u201dAnnars har det varit en skitrolig cup\u201d<\/p>\n<p>Matchen kunde, trots allt, spelas klart. Dalkurd Hj\u00e4rtat segrade p\u00e5 straffar i Maserhallen i Borl\u00e4nge.<\/p>\n<p>Azad Mutlu var lagkapten f\u00f6r det vinnande laget.<\/p>\n<p>\u2013 Det var hett. Alla hade v\u00e4ntat i ett \u00e5r p\u00e5 den h\u00e4r cupen. Det var lag utifr\u00e5n, det var lag h\u00e4rifr\u00e5n\u2026 Det \u00e4r duktiga spelare och en bra publik. Sj\u00e4lvklart ska det hetta till, men att det gick till \u00f6verdrift var vad som f\u00f6rst\u00f6rde det hela. Men annars har det varit en skitrolig cup, s\u00e4ger han till Borl\u00e4nge Tidning.<\/p>\n<p>Ilskan: \u201dPajar v\u00e5r energi \u2013 skittr\u00e5kigt\u201d<\/p>\n<p>Enligt Elvan Cicen, turneringens ordf\u00f6rande, var polisen inte n\u00e4ra att bryta matchen.<\/p>\n<p>\u2013 Nej, polisen v\u00e4ntade bara p\u00e5 att vi skulle ge dem ett besked. Jag gick ner och som jag f\u00f6rstod det var b\u00e5da lagen oense med domarna om vem som skulle f\u00e5 kort eller inte. Sen l\u00f6ste vi det och vi lyckades \u00e4nd\u00e5 spela klart under bra former. Jag pratade med domarna och jag ville ju att vi skulle spela klart matchen och att vi skulle lugna ned situationen, s\u00e4ger han.<\/p>\n<p>Det \u00e4r \u00e4nnu inte s\u00e4kert om incidenten kommer att tas vidare i n\u00e5gon h\u00f6gre instans. Material ska g\u00e5s igenom f\u00f6r att kunna ta ett beslut om den saken.<\/p>\n<p>\u2013 Men det h\u00e4r pajar ju v\u00e5r energi ocks\u00e5. Jag tycker att det \u00e4r skittr\u00e5kigt. H\u00e4r sitter vi och l\u00e4gger ned en massa j\u00e4vla timmar i tre dagar\u2026 Det h\u00e4r \u00e4r inte okej, tycker jag.<\/p>\n","protected":false},"excerpt":{"rendered":"Publicerad 12 jan 2026 kl 14.41Uppdaterad kl 15.04 Skandalscener utspelade sig under en futsalfinal i Dalarna. Polis beh\u00f6vde&hellip;\n","protected":false},"author":2,"featured_media":135002,"comment_status":"","ping_status":"","sticky":false,"template":"","format":"standard","meta":{"footnotes":""},"categories":[68],"tags":[34,129,111,110,31,33,32,30],"class_list":{"0":"post-135001","1":"post","2":"type-post","3":"status-publish","4":"format-standard","5":"has-post-thumbnail","7":"category-sport","8":"tag-se","9":"tag-sections-fotboll","10":"tag-sport","11":"tag-sports","12":"tag-svenska","13":"tag-sverige","14":"tag-sweden","15":"tag-swedish"},"share_on_mastodon":{"url":"https:\/\/pubeurope.com\/@se\/115890538652084685","error":""},"_links":{"self":[{"href":"https:\/\/www.europesays.com\/se\/wp-json\/wp\/v2\/posts\/135001","targetHints":{"allow":["GET"]}}],"collection":[{"href":"https:\/\/www.europesays.com\/se\/wp-json\/wp\/v2\/posts"}],"about":[{"href":"https:\/\/www.europesays.com\/se\/wp-json\/wp\/v2\/types\/post"}],"author":[{"embeddable":true,"href":"https:\/\/www.europesays.com\/se\/wp-json\/wp\/v2\/users\/2"}],"replies":[{"embeddable":true,"href":"https:\/\/www.europesays.com\/se\/wp-json\/wp\/v2\/comments?post=135001"}],"version-history":[{"count":0,"href":"https:\/\/www.europesays.com\/se\/wp-json\/wp\/v2\/posts\/135001\/revisions"}],"wp:featuredmedia":[{"embeddable":true,"href":"https:\/\/www.europesays.com\/se\/wp-json\/wp\/v2\/media\/135002"}],"wp:attachment":[{"href":"https:\/\/www.europesays.com\/se\/wp-json\/wp\/v2\/media?parent=135001"}],"wp:term":[{"taxonomy":"category","embeddable":true,"href":"https:\/\/www.europesays.com\/se\/wp-json\/wp\/v2\/categories?post=135001"},{"taxonomy":"post_tag","embeddable":true,"href":"https:\/\/www.europesays.com\/se\/wp-json\/wp\/v2\/tags?post=135001"}],"curies":[{"name":"wp","href":"https:\/\/api.w.org\/{rel}","templated":true}]}}