{"id":135003,"date":"2026-01-14T00:12:19","date_gmt":"2026-01-14T00:12:19","guid":{"rendered":"https:\/\/www.europesays.com\/se\/135003\/"},"modified":"2026-01-14T00:12:19","modified_gmt":"2026-01-14T00:12:19","slug":"radioprofilernas-attack-mot-pulkaforaldrarna-sa-sjukt-expressen","status":"publish","type":"post","link":"https:\/\/www.europesays.com\/se\/135003\/","title":{"rendered":"Radioprofilernas attack mot pulkaf\u00f6r\u00e4ldrarna: \u201dS\u00e5 sjukt\u201d &#8211; Expressen"},"content":{"rendered":"<ol>\n<li><a href=\"https:\/\/news.google.com\/rss\/articles\/CBMihwFBVV95cUxQbzZXUEQxTHJjQzU1eU5zd09ielMzX3hQUkRFbFhWNHJOMUh5YUh1TkxNbkdTTkpfbXJfYTdvN21BSzJnTl9NRWw4VVNlSkRqVXdsaEJOVHJfOGU2bGp0ZnZzOEVPNU5iVFFnZW5EUEZIbWtYdGtlbzJHaHVtemF2VFZNZkVPRzA?oc=5\" target=\"_blank\" rel=\"nofollow noopener\">Radioprofilernas attack mot pulkaf\u00f6r\u00e4ldrarna: \u201dS\u00e5 sjukt\u201d<\/a>&nbsp;&nbsp;Expressen<\/li>\n<li><a href=\"https:\/\/news.google.com\/rss\/articles\/CBMirwFBVV95cUxPaEtibXFrRmRZOVdYdmowRHIxQVh5cGtjZEV0MTJWUFViSE9yeXd4Vmo1YmV2ZmQ5bThSRnF4U0ljM0lfS19qcHVqT21Tc0trdHFOYnczTkhkUHpKWVhNNGx4bzY5RVh6RHo1UUFfN1NVX3lWdml2UEZMQURVbk10dDMyWDNzUzQwSGJCdEJZMWdzNHVHSnpXWGljZXdDVExnN2VoOUNSREN5ZmtKT1M0?oc=5\" target=\"_blank\" rel=\"nofollow noopener\">Oro bland f\u00f6r\u00e4ldrar efter upprepat st\u00f6k i pulkabackar: \u201dDet finns en r\u00e4dsla\u201d<\/a>&nbsp;&nbsp;NWT<\/li>\n<li><a href=\"https:\/\/news.google.com\/rss\/articles\/CBMingFBVV95cUxNYkt1emxBTjdQMXBzWG9sT3VOYTJFQWJGbzNyWEtfQm1QckFzbmlSenhaeG5OdmxlNFVVaHJ5cFFkTjJaQmNkbV81X2RxM2luYWgtVl9CTW1hZXExSmZRNU95NUNEV2ZaMUQxR0dHel9rLTY5MzZ4QWhlems0MTJ2UHpncEcxbGpRcS15NTVUUU5ZcUpZeUpORGtVdlhXQQ?oc=5\" target=\"_blank\" rel=\"nofollow noopener\">Unga trotsar f\u00f6rbud i skidbacken \u2013 kan vara livsfarligt<\/a>&nbsp;&nbsp;SVT Nyheter<\/li>\n<li><a href=\"https:\/\/news.google.com\/rss\/articles\/CBMiaEFVX3lxTE9qTkFqWEt4aG12cEh4ZGZuUFB5LWdfU05GdF9rZy1rbzYxR3dWNGNneGNqdDdSMVM5bUhlaC01ZDlhUDJLelVENXNQVW1GakRwQlVGOG9rRFNsb1A0ZHJqZ1V1dWFPNmN2?oc=5\" target=\"_blank\" rel=\"nofollow noopener\">V\u00e4djar om J\u00e4rabacken: \u201dMotar bort folk\u201d<\/a>&nbsp;&nbsp;J\u00f6nk\u00f6pings-Posten<\/li>\n<li><a href=\"https:\/\/news.google.com\/rss\/articles\/CBMinAFBVV95cUxNaWRLME0zSlNBMTVKakpyTlIxQTk1SkQ2NUZPM3NKOWx2ZmU4VnZGUnlBXzlIM3dQLXYtMDZzdGJTQ3lTVENfcnp4Vmx6MlRzNHphcWpkanhGSEJieURHYzlMZG5xUjZPVDBLUHV6TWwtLURSV012UGlMMEZaZFYzUFFBVk1fbThtV3I5MGhFNktSZkdKLTJ5aGpIOHk?oc=5\" target=\"_blank\" rel=\"nofollow noopener\">MALIN LERNFELT: Sluta gr\u00e5ta ut i tidningen \u2013 lugna ned er<\/a>&nbsp;&nbsp;Katrineholms-Kuriren<\/li>\n<\/ol>\n","protected":false},"excerpt":{"rendered":"Radioprofilernas attack mot pulkaf\u00f6r\u00e4ldrarna: \u201dS\u00e5 sjukt\u201d&nbsp;&nbsp;Expressen Oro bland f\u00f6r\u00e4ldrar efter upprepat st\u00f6k i pulkabackar: \u201dDet finns en r\u00e4dsla\u201d&nbsp;&nbsp;NWT&hellip;\n","protected":false},"author":2,"featured_media":135004,"comment_status":"","ping_status":"","sticky":false,"template":"","format":"standard","meta":{"footnotes":""},"categories":[5],"tags":[22,23,26,27,17,21,24,25,28,29,15,16,3269,13657,18,34,31,33,32,30,19,20],"class_list":{"0":"post-135003","1":"post","2":"type-post","3":"status-publish","4":"format-standard","5":"has-post-thumbnail","7":"category-rubriker","8":"tag-breaking-news","9":"tag-breakingnews","10":"tag-featured-news","11":"tag-featurednews","12":"tag-headlines","13":"tag-huvudnyheter","14":"tag-latest-news","15":"tag-latestnews","16":"tag-main-news","17":"tag-mainnews","18":"tag-news","19":"tag-nyheter","20":"tag-person-gry-forssell","21":"tag-person-malin-stenback","22":"tag-rubriker","23":"tag-se","24":"tag-svenska","25":"tag-sverige","26":"tag-sweden","27":"tag-swedish","28":"tag-top-stories","29":"tag-topstories"},"share_on_mastodon":{"url":"https:\/\/pubeurope.com\/@se\/115890562212421776","error":""},"_links":{"self":[{"href":"https:\/\/www.europesays.com\/se\/wp-json\/wp\/v2\/posts\/135003","targetHints":{"allow":["GET"]}}],"collection":[{"href":"https:\/\/www.europesays.com\/se\/wp-json\/wp\/v2\/posts"}],"about":[{"href":"https:\/\/www.europesays.com\/se\/wp-json\/wp\/v2\/types\/post"}],"author":[{"embeddable":true,"href":"https:\/\/www.europesays.com\/se\/wp-json\/wp\/v2\/users\/2"}],"replies":[{"embeddable":true,"href":"https:\/\/www.europesays.com\/se\/wp-json\/wp\/v2\/comments?post=135003"}],"version-history":[{"count":0,"href":"https:\/\/www.europesays.com\/se\/wp-json\/wp\/v2\/posts\/135003\/revisions"}],"wp:featuredmedia":[{"embeddable":true,"href":"https:\/\/www.europesays.com\/se\/wp-json\/wp\/v2\/media\/135004"}],"wp:attachment":[{"href":"https:\/\/www.europesays.com\/se\/wp-json\/wp\/v2\/media?parent=135003"}],"wp:term":[{"taxonomy":"category","embeddable":true,"href":"https:\/\/www.europesays.com\/se\/wp-json\/wp\/v2\/categories?post=135003"},{"taxonomy":"post_tag","embeddable":true,"href":"https:\/\/www.europesays.com\/se\/wp-json\/wp\/v2\/tags?post=135003"}],"curies":[{"name":"wp","href":"https:\/\/api.w.org\/{rel}","templated":true}]}}