{"id":135006,"date":"2026-01-14T00:20:41","date_gmt":"2026-01-14T00:20:41","guid":{"rendered":"https:\/\/www.europesays.com\/se\/135006\/"},"modified":"2026-01-14T00:20:41","modified_gmt":"2026-01-14T00:20:41","slug":"uppgifter-centralbanker-sluter-upp-bakom-fed-chefen-powell-efter-hot-om-atal","status":"publish","type":"post","link":"https:\/\/www.europesays.com\/se\/135006\/","title":{"rendered":"Uppgifter: Centralbanker sluter upp bakom Fed-chefen Powell efter hot om \u00e5tal"},"content":{"rendered":"<p>Det uppger tv\u00e5 k\u00e4llor f\u00f6r Reuters.<\/p>\n<p>Bakgrunden \u00e4r att Trumpadministrationen hotat <strong>Jerome Powell<\/strong> med \u00e5tal, formellt kopplat till renoveringen av Feds huvudkontor. I uttalandet v\u00e4ntas centralbankerna betona vikten av centralbankernas oberoende.<\/p>\n<p>Powell har beskrivit utredningen som ett svepsk\u00e4l f\u00f6r politiskt inflytande \u00f6ver r\u00e4ntes\u00e4ttningen.<\/p>\n<p>Enligt k\u00e4llorna befarar centralbanker att politisk inblandning i Fed kan undergr\u00e4va f\u00f6rtroendet f\u00f6r inflationsm\u00e5let och leda till h\u00f6gre inflation samt \u00f6kad volatilitet p\u00e5 de globala finansmarknaderna.<\/p>\n<p>Powells mandat l\u00f6per ut den 15 maj, men fr\u00e5gan om hans framtid aktualiserades redan f\u00f6re ny\u00e5r n\u00e4r <strong>Donald Trump<\/strong> sade att han fortfarande kan komma att avskeda honom. Trump uppgav d\u00e5 att han skulle \u201d\u00e4lska att sparka honom\u201d.<\/p>\n<p>Samtidigt uppger Fox Business att Trump p\u00e5 torsdag ska intervjua <strong>Rick Rieder<\/strong> som den sista av fyra m\u00f6jliga eftertr\u00e4dare.<\/p>\n","protected":false},"excerpt":{"rendered":"Det uppger tv\u00e5 k\u00e4llor f\u00f6r Reuters. Bakgrunden \u00e4r att Trumpadministrationen hotat Jerome Powell med \u00e5tal, formellt kopplat till&hellip;\n","protected":false},"author":2,"featured_media":135007,"comment_status":"","ping_status":"","sticky":false,"template":"","format":"standard","meta":{"footnotes":""},"categories":[5],"tags":[22,23,26,27,17,21,24,25,28,29,15,16,18,34,31,33,32,30,19,20],"class_list":{"0":"post-135006","1":"post","2":"type-post","3":"status-publish","4":"format-standard","5":"has-post-thumbnail","7":"category-rubriker","8":"tag-breaking-news","9":"tag-breakingnews","10":"tag-featured-news","11":"tag-featurednews","12":"tag-headlines","13":"tag-huvudnyheter","14":"tag-latest-news","15":"tag-latestnews","16":"tag-main-news","17":"tag-mainnews","18":"tag-news","19":"tag-nyheter","20":"tag-rubriker","21":"tag-se","22":"tag-svenska","23":"tag-sverige","24":"tag-sweden","25":"tag-swedish","26":"tag-top-stories","27":"tag-topstories"},"share_on_mastodon":{"url":"https:\/\/pubeurope.com\/@se\/115890593618056137","error":""},"_links":{"self":[{"href":"https:\/\/www.europesays.com\/se\/wp-json\/wp\/v2\/posts\/135006","targetHints":{"allow":["GET"]}}],"collection":[{"href":"https:\/\/www.europesays.com\/se\/wp-json\/wp\/v2\/posts"}],"about":[{"href":"https:\/\/www.europesays.com\/se\/wp-json\/wp\/v2\/types\/post"}],"author":[{"embeddable":true,"href":"https:\/\/www.europesays.com\/se\/wp-json\/wp\/v2\/users\/2"}],"replies":[{"embeddable":true,"href":"https:\/\/www.europesays.com\/se\/wp-json\/wp\/v2\/comments?post=135006"}],"version-history":[{"count":0,"href":"https:\/\/www.europesays.com\/se\/wp-json\/wp\/v2\/posts\/135006\/revisions"}],"wp:featuredmedia":[{"embeddable":true,"href":"https:\/\/www.europesays.com\/se\/wp-json\/wp\/v2\/media\/135007"}],"wp:attachment":[{"href":"https:\/\/www.europesays.com\/se\/wp-json\/wp\/v2\/media?parent=135006"}],"wp:term":[{"taxonomy":"category","embeddable":true,"href":"https:\/\/www.europesays.com\/se\/wp-json\/wp\/v2\/categories?post=135006"},{"taxonomy":"post_tag","embeddable":true,"href":"https:\/\/www.europesays.com\/se\/wp-json\/wp\/v2\/tags?post=135006"}],"curies":[{"name":"wp","href":"https:\/\/api.w.org\/{rel}","templated":true}]}}