{"id":135008,"date":"2026-01-14T00:22:11","date_gmt":"2026-01-14T00:22:11","guid":{"rendered":"https:\/\/www.europesays.com\/se\/135008\/"},"modified":"2026-01-14T00:22:11","modified_gmt":"2026-01-14T00:22:11","slug":"svenskt-topplag-utan-klubbor-blev-kvar-i-kopenhamn-hufvudstadsbladet","status":"publish","type":"post","link":"https:\/\/www.europesays.com\/se\/135008\/","title":{"rendered":"Svenskt topplag utan klubbor \u2013 blev kvar i K\u00f6penhamn &#8211; Hufvudstadsbladet"},"content":{"rendered":"<ol>\n<li><a href=\"https:\/\/news.google.com\/rss\/articles\/CBMiiAFBVV95cUxOSnlEZUdhdzNjQjZNV3FUZXZ6WHE4b1g0OFpzRzNGTEtXRUd1WEcyZGpLcndhTGVqTFBSeWMySXU3Qi1GRk5jMFlOUkpxVzlWa2FIVDlzRXE1QUdsUEtKU0hIUnpwQW4zSTNaOUNGbEdtYnVhdzRmZ3ZKVVdCYmd0SUZPMXVraWIz?oc=5\" target=\"_blank\" rel=\"nofollow noopener\">Svenskt topplag utan klubbor \u2013 blev kvar i K\u00f6penhamn<\/a>&nbsp;&nbsp;Hufvudstadsbladet<\/li>\n<li><a href=\"https:\/\/news.google.com\/rss\/articles\/CBMikgFBVV95cUxNYkdIUHBwQXphWEUzdGpjU19lRlRsdHNPWU9RQ3I0Z29SaV80cUhEVkJESjJsVjJRN0JCcGVuNC1XQUFDLXUyNFVaNG14RkRHRERxenlNSEZGVkpjT05tVGNVUzNqVld3WHBtempuZS1OWFhtcWlLTG1ENTZ2SjZ4WUEtUng4NU9aS3d1eVpBTjZ5UQ?oc=5\" target=\"_blank\" rel=\"nofollow noopener\">Lule\u00e5 vann f\u00f6rsta CHL-semin \u2013 k\u00f6pte klubbor f\u00f6r 150 000<\/a>&nbsp;&nbsp;Aftonbladet<\/li>\n<li><a href=\"https:\/\/news.google.com\/rss\/articles\/CBMinAFBVV95cUxNZG51dUozRkRxVEYyVVpmSGt4VXpIRnotVUd2MlZtcm9ZYjVLbnNrS0hQXzZOcUVRMnR5UEJfTkhVeDllRlJkTDBVYjJ3a0ZySkkwbFN0bTlJM0luOFVoQTk0TVFlanduSWEtRVoxV1JJaTlDZ2R0dVRxb3ExN0hFMFlYaHRXWm5CLTk5OXRNd25rQk5WSnJ4NGhBbUQ?oc=5\" target=\"_blank\" rel=\"nofollow noopener\">Dyrt klubbkaos inf\u00f6r semifinalen \u2013 Lule\u00e5 tvingades k\u00f6pa nytt<\/a>&nbsp;&nbsp;Sveriges Radio<\/li>\n<li><a href=\"https:\/\/news.google.com\/rss\/articles\/CBMimwFBVV95cUxPYmtsT3NqZFhhREVWbXlSa0Vqbk9xQTFMZjdWQnQ3c0RfZnFrRVJvQWRpVUJXNWQzYkE5aFBmREx0TmJJckFTVlpvcDhMSllWaHJ0bVdTVTZXSDI0cENRaEcyYUdObmllOXZ6eWRQcnRqYUlhWGFkOF9kYzFyOUhaNjQxTTRrVlJIV0hXTE9VV1hQMnFBMWlqWjRlbw?oc=5\" target=\"_blank\" rel=\"nofollow noopener\">Lule\u00e5 Hockey vann f\u00f6rsta semifinalen mot Zug<\/a>&nbsp;&nbsp;NSD<\/li>\n<li><a href=\"https:\/\/news.google.com\/rss\/articles\/CBMiigFBVV95cUxNVTgzcmlDdEJIWVRwN243RElDU18yRE8ycUJQX2pMXzdHSkppXzBCYTJkaGdhRkJ1WHp2Mkwxa1Yzb1hGek5UdmNkT2xJNFdmaks5Nk5nSTBrdjNpUTVjUnJ4Z0d1b3l2SjZYbXdocl9sRnZhUkdvMzY0THk0VFRfV05RUGwybUZianc?oc=5\" target=\"_blank\" rel=\"nofollow noopener\">Efter flygstrulet: Fick k\u00f6pa klubbor f\u00f6r 150 000<\/a>&nbsp;&nbsp;V\u00e4sterbottens-Kuriren<\/li>\n<\/ol>\n","protected":false},"excerpt":{"rendered":"Svenskt topplag utan klubbor \u2013 blev kvar i K\u00f6penhamn&nbsp;&nbsp;Hufvudstadsbladet Lule\u00e5 vann f\u00f6rsta CHL-semin \u2013 k\u00f6pte klubbor f\u00f6r 150&hellip;\n","protected":false},"author":2,"featured_media":135009,"comment_status":"","ping_status":"","sticky":false,"template":"","format":"standard","meta":{"footnotes":""},"categories":[68],"tags":[34,111,110,31,33,32,30],"class_list":{"0":"post-135008","1":"post","2":"type-post","3":"status-publish","4":"format-standard","5":"has-post-thumbnail","7":"category-sport","8":"tag-se","9":"tag-sport","10":"tag-sports","11":"tag-svenska","12":"tag-sverige","13":"tag-sweden","14":"tag-swedish"},"share_on_mastodon":{"url":"https:\/\/pubeurope.com\/@se\/115890601517627691","error":""},"_links":{"self":[{"href":"https:\/\/www.europesays.com\/se\/wp-json\/wp\/v2\/posts\/135008","targetHints":{"allow":["GET"]}}],"collection":[{"href":"https:\/\/www.europesays.com\/se\/wp-json\/wp\/v2\/posts"}],"about":[{"href":"https:\/\/www.europesays.com\/se\/wp-json\/wp\/v2\/types\/post"}],"author":[{"embeddable":true,"href":"https:\/\/www.europesays.com\/se\/wp-json\/wp\/v2\/users\/2"}],"replies":[{"embeddable":true,"href":"https:\/\/www.europesays.com\/se\/wp-json\/wp\/v2\/comments?post=135008"}],"version-history":[{"count":0,"href":"https:\/\/www.europesays.com\/se\/wp-json\/wp\/v2\/posts\/135008\/revisions"}],"wp:featuredmedia":[{"embeddable":true,"href":"https:\/\/www.europesays.com\/se\/wp-json\/wp\/v2\/media\/135009"}],"wp:attachment":[{"href":"https:\/\/www.europesays.com\/se\/wp-json\/wp\/v2\/media?parent=135008"}],"wp:term":[{"taxonomy":"category","embeddable":true,"href":"https:\/\/www.europesays.com\/se\/wp-json\/wp\/v2\/categories?post=135008"},{"taxonomy":"post_tag","embeddable":true,"href":"https:\/\/www.europesays.com\/se\/wp-json\/wp\/v2\/tags?post=135008"}],"curies":[{"name":"wp","href":"https:\/\/api.w.org\/{rel}","templated":true}]}}