{"id":135010,"date":"2026-01-14T00:29:13","date_gmt":"2026-01-14T00:29:13","guid":{"rendered":"https:\/\/www.europesays.com\/se\/135010\/"},"modified":"2026-01-14T00:29:13","modified_gmt":"2026-01-14T00:29:13","slug":"snogrotta-rasade-i-nordanstig-barn-allvarligt-skadat","status":"publish","type":"post","link":"https:\/\/www.europesays.com\/se\/135010\/","title":{"rendered":"Sn\u00f6grotta rasade i nordanstig \u2013 barn allvarligt skadat"},"content":{"rendered":"<p><a data-test-tag=\"internal-link\" href=\"https:\/\/www.aftonbladet.se\/av\/nelly-kronstrand\" class=\"hyperion-css-13ns1rr\" rel=\"nofollow noopener\" target=\"\" aria-label=\"Se alla artiklar av Nelly Kronstrand\"><img decoding=\"async\" class=\"image-asset hyperion-css-n6kkq1\" data-test-tag=\"image-asset\" src=\"https:\/\/www.europesays.com\/se\/wp-content\/uploads\/2026\/01\/1768350551_365_c6303424-a7ea-4fb2-bd57-9a7a19eb40f3.png\"  alt=\"\"  loading=\"lazy\" fetchpriority=\"auto\" style=\"aspect-ratio:1900 \/ 1900\"\/><\/a><\/p>\n<p class=\"boxtextgrotesk-root_baa6 hyperion-css-7pajle\">Uppdaterad 2026-01-13 10.31 | Publicerad 2026-01-12 19.46<\/p>\n<p>share-arrowDela<\/p>\n<p>unsaveSpara<\/p>\n<p>expand-left<\/p>\n<p>helsk\u00e4rm<img decoding=\"async\" class=\"image-asset hyperion-css-18eiyi3\" data-test-tag=\"image-asset\" src=\"https:\/\/www.europesays.com\/se\/wp-content\/uploads\/2026\/01\/c63245f6-790b-4be2-a318-8a2123c4a0ac.jpeg\"  alt=\"Ambulans\"  loading=\"eager\" fetchpriority=\"high\" style=\"aspect-ratio:1200 \/ 628\"\/>Ambulans Foto: Vilhelm Stokstad \/ TT <\/p>\n<p class=\"hyperion-css-1shl3oz\" data-test-tag=\"lead-text\">En sn\u00f6grotta har rasat p\u00e5 en skolg\u00e5rd i Nordanstigs kommun.<\/p>\n<p class=\"hyperion-css-1shl3oz\" data-test-tag=\"lead-text\">Ett barn \u00e4r allvarligt skadad. <\/p>\n<p class=\"hyperion-css-1shl3oz\" data-test-tag=\"lead-text\">\u2013 Det h\u00e4r \u00e4r en oerh\u00f6rt sorglig h\u00e4ndelse, s\u00e4ger utbildningschefen Ulrika Segervald. <\/p>\n<p class=\"hyperion-css-1v9qo5x\">P\u00e5 m\u00e5ndagseftermiddagen larmades ambulans till en skola i Hassela. <\/p>\n<p class=\"hyperion-css-1v9qo5x\">En grundskoleelev hade d\u00e5 fastnat i en sn\u00f6grotta som rasat. <\/p>\n<p class=\"hyperion-css-1v9qo5x\">Enligt polisen har barnet f\u00e5tt stora sn\u00f6m\u00e4ngder \u00f6ver sig.<\/p>\n<p class=\"hyperion-css-1v9qo5x\">Utbildningschefen Ulrika Segervald skriver p\u00e5 kommunens hemsida att barnet \u00e4r allvarligt skadat.<\/p>\n<p class=\"hyperion-css-1v9qo5x\">Flera elever och personal blev vittnen till olyckan. D\u00e4rf\u00f6r har skolans krisgrupp aktiverats. <\/p>\n<p class=\"hyperion-css-1v9qo5x\">Efter olyckan uppmanades f\u00f6r\u00e4ldrar att h\u00e4mta hem sina barn. Skolan kommer att h\u00e5lla \u00f6ppet p\u00e5 tisdagen. <\/p>\n<p class=\"hyperion-css-1v9qo5x\">\u2013 Det h\u00e4r \u00e4r en oerh\u00f6rt sorglig h\u00e4ndelse som vi alla \u2013 elever och medarbetare \u2013 beh\u00f6ver bearbeta. Elevh\u00e4lsan med kurator kommer d\u00e4rf\u00f6r att finnas p\u00e5 plats och vi f\u00f6rst\u00e4rker med vikarier f\u00f6r att st\u00f6tta alla som vill prata och bearbeta h\u00e4ndelsen, uppger Ulrika Segervald p\u00e5 kommunens hemsida.<\/p>\n<p>expand-left<\/p>\n<p>helsk\u00e4rm<img decoding=\"async\" class=\"image-asset hyperion-css-1oy2fl3\" data-test-tag=\"image-asset\" src=\"https:\/\/www.europesays.com\/se\/wp-content\/uploads\/2026\/01\/23b3fc0b-fb16-484e-adfe-f919df3511ee.jpeg\"  alt=\"Polis.\"  loading=\"eager\" fetchpriority=\"high\" style=\"aspect-ratio:1500 \/ 784\"\/>Polis. Foto: TT<\/p>\n<p class=\"hyperion-css-1v9qo5x\">Polisen utreder olyckan som v\u00e5llande till kroppsskada. Det finns ingen misst\u00e4nkt i \u00e4rendet, skriver polisen p\u00e5 sin hemsida. <\/p>\n<p class=\"hyperion-css-1v9qo5x\">\u00c4ven skolan kommer att uppr\u00e4tta en utredning. <\/p>\n","protected":false},"excerpt":{"rendered":"Uppdaterad 2026-01-13 10.31 | Publicerad 2026-01-12 19.46 share-arrowDela unsaveSpara expand-left helsk\u00e4rmAmbulans Foto: Vilhelm Stokstad \/ TT En sn\u00f6grotta&hellip;\n","protected":false},"author":2,"featured_media":135011,"comment_status":"","ping_status":"","sticky":false,"template":"","format":"standard","meta":{"footnotes":""},"categories":[5],"tags":[22,23,26,27,17,21,24,25,28,29,15,16,18,34,31,33,32,30,19,20],"class_list":{"0":"post-135010","1":"post","2":"type-post","3":"status-publish","4":"format-standard","5":"has-post-thumbnail","7":"category-rubriker","8":"tag-breaking-news","9":"tag-breakingnews","10":"tag-featured-news","11":"tag-featurednews","12":"tag-headlines","13":"tag-huvudnyheter","14":"tag-latest-news","15":"tag-latestnews","16":"tag-main-news","17":"tag-mainnews","18":"tag-news","19":"tag-nyheter","20":"tag-rubriker","21":"tag-se","22":"tag-svenska","23":"tag-sverige","24":"tag-sweden","25":"tag-swedish","26":"tag-top-stories","27":"tag-topstories"},"share_on_mastodon":{"url":"https:\/\/pubeurope.com\/@se\/115890629042215498","error":""},"_links":{"self":[{"href":"https:\/\/www.europesays.com\/se\/wp-json\/wp\/v2\/posts\/135010","targetHints":{"allow":["GET"]}}],"collection":[{"href":"https:\/\/www.europesays.com\/se\/wp-json\/wp\/v2\/posts"}],"about":[{"href":"https:\/\/www.europesays.com\/se\/wp-json\/wp\/v2\/types\/post"}],"author":[{"embeddable":true,"href":"https:\/\/www.europesays.com\/se\/wp-json\/wp\/v2\/users\/2"}],"replies":[{"embeddable":true,"href":"https:\/\/www.europesays.com\/se\/wp-json\/wp\/v2\/comments?post=135010"}],"version-history":[{"count":0,"href":"https:\/\/www.europesays.com\/se\/wp-json\/wp\/v2\/posts\/135010\/revisions"}],"wp:featuredmedia":[{"embeddable":true,"href":"https:\/\/www.europesays.com\/se\/wp-json\/wp\/v2\/media\/135011"}],"wp:attachment":[{"href":"https:\/\/www.europesays.com\/se\/wp-json\/wp\/v2\/media?parent=135010"}],"wp:term":[{"taxonomy":"category","embeddable":true,"href":"https:\/\/www.europesays.com\/se\/wp-json\/wp\/v2\/categories?post=135010"},{"taxonomy":"post_tag","embeddable":true,"href":"https:\/\/www.europesays.com\/se\/wp-json\/wp\/v2\/tags?post=135010"}],"curies":[{"name":"wp","href":"https:\/\/api.w.org\/{rel}","templated":true}]}}