{"id":135018,"date":"2026-01-14T00:52:31","date_gmt":"2026-01-14T00:52:31","guid":{"rendered":"https:\/\/www.europesays.com\/se\/135018\/"},"modified":"2026-01-14T00:52:31","modified_gmt":"2026-01-14T00:52:31","slug":"irak-vi-har-stortat-foxtrotledarna","status":"publish","type":"post","link":"https:\/\/www.europesays.com\/se\/135018\/","title":{"rendered":"Irak: \u201dVi har st\u00f6rtat Foxtrotledarna\u201d"},"content":{"rendered":"<p><a data-test-tag=\"internal-link\" href=\"https:\/\/www.aftonbladet.se\/av\/emil-forsberg\" class=\"hyperion-css-13ns1rr\" rel=\"nofollow noopener\" target=\"\" aria-label=\"Se alla artiklar av Emil Forsberg\"><img decoding=\"async\" class=\"image-asset hyperion-css-n6kkq1\" data-test-tag=\"image-asset\" src=\"https:\/\/www.europesays.com\/se\/wp-content\/uploads\/2026\/01\/602ef119-32a3-4a6a-b86e-0ebfdb56a147.png\"  alt=\"\"  loading=\"lazy\" fetchpriority=\"auto\" style=\"aspect-ratio:1900 \/ 1900\"\/><\/a><\/p>\n<p class=\"boxtextgrotesk-root_baa6 hyperion-css-7pajle\">Uppdaterad 00.21 | Publicerad 2026-01-13 20.47<\/p>\n<p>share-arrowDela<\/p>\n<p>unsaveSpara<\/p>\n<p>expand-left<\/p>\n<p>helsk\u00e4rm<img decoding=\"async\" class=\"image-asset hyperion-css-1jpi2uz\" data-test-tag=\"image-asset\" src=\"https:\/\/www.europesays.com\/se\/wp-content\/uploads\/2026\/01\/f0bd9b16-d704-4be6-ba1e-e4949864d470.jpeg\"  alt=\"Sulaymaniyya i Kurdistan\"  loading=\"eager\" fetchpriority=\"high\" style=\"aspect-ratio:1900 \/ 1069\"\/>Sulaymaniyya i Kurdistan Foto: Filip Meneses<\/p>\n<p class=\"hyperion-css-1shl3oz\" data-test-tag=\"lead-text\">Irakisk underr\u00e4ttelsetj\u00e4nst har genomf\u00f6rt en operation i Sulaymaniyya i Kurdistan.<\/p>\n<p class=\"hyperion-css-1shl3oz\" data-test-tag=\"lead-text\">Nu uppger man att Foxtrotn\u00e4tverket \u00e4r st\u00f6rtat.<\/p>\n<p class=\"hyperion-css-1shl3oz\" data-test-tag=\"lead-text\">\u201dN\u00e4tverket f\u00f6rs\u00f6kte utnyttja irakiskt territorium som bas f\u00f6r sina kriminella operationer\u201d, s\u00e4ger underr\u00e4ttelsetj\u00e4nsten i ett uttalande.<\/p>\n<p class=\"hyperion-css-1v9qo5x\">I uttalandet som publicerades under tisdagskv\u00e4llen uppger <a data-test-tag=\"internal-link\" href=\"https:\/\/www.aftonbladet.se\/tagg\/irak\" class=\"hyperion-css-15jkft9\" rel=\"nofollow noopener\" target=\"\" aria-label=\"Iraks\">Iraks<\/a> underr\u00e4ttelsetj\u00e4nst att flera h\u00f6gt uppsatta personer fr\u00e5n Foxtrotn\u00e4tverket gripits.<\/p>\n<p class=\"hyperion-css-1v9qo5x\">Gripandena ska ha genomf\u00f6rts samtidigt i flera provinser. <\/p>\n<p class=\"hyperion-css-1v9qo5x\">\u201dDe tillh\u00f6r n\u00e4tverket Foxtrot, en av de farliga internationella maffian\u00e4tverk som \u00e4r inblandade i m\u00e5nga komplexa brott i ett antal l\u00e4nder runt om i v\u00e4rlden\u201d, skriver underr\u00e4ttelsetj\u00e4nsten.<\/p>\n<p class=\"hyperion-css-1v9qo5x\">Under m\u00e5ndagen <a data-test-tag=\"internal-link\" href=\"https:\/\/www.aftonbladet.se\/nyheter\/a\/0pKBzB\/ny-gangtopp-gripen-strategiskt-genombrott\" class=\"hyperion-css-15jkft9\" rel=\"nofollow noopener\" target=\"\" aria-label=\"rapporterade Aftonbladet om\">rapporterade Aftonbladet om<\/a> att 21-\u00e5rige Foxtrot-toppen Ali Shehab gripits i Irak.<\/p>\n<p class=\"hyperion-css-1v9qo5x\">Enligt polisen har ingen ytterligare ledare gripits.<\/p>\n<p class=\"hyperion-css-1v9qo5x\">\u2013 Det r\u00f6r sig om samma uppgifter som vi kommunicerade ig\u00e5r, s\u00e4ger polisens pressekreterare Caroline Wiklund.<\/p>\n<p>expand-left<\/p>\n<p>helsk\u00e4rm<img decoding=\"async\" class=\"image-asset hyperion-css-1bos1df\" data-test-tag=\"image-asset\" src=\"https:\/\/www.europesays.com\/se\/wp-content\/uploads\/2026\/01\/57da0b80-6fd1-420b-a930-9ca1587f6a07.jpeg\"  alt=\"Under m\u00e5ndagen rapporterade Aftonbladet att Ali Shehab, 21, gripits\"  loading=\"eager\" fetchpriority=\"high\" style=\"aspect-ratio:1890 \/ 1309\"\/>Under m\u00e5ndagen rapporterade Aftonbladet att Ali Shehab, 21, gripits Foto: Interpol \/ TT Nyhetsbyr\u00e5n<\/p>\n","protected":false},"excerpt":{"rendered":"Uppdaterad 00.21 | Publicerad 2026-01-13 20.47 share-arrowDela unsaveSpara expand-left helsk\u00e4rmSulaymaniyya i Kurdistan Foto: Filip Meneses Irakisk underr\u00e4ttelsetj\u00e4nst har&hellip;\n","protected":false},"author":2,"featured_media":135019,"comment_status":"","ping_status":"","sticky":false,"template":"","format":"standard","meta":{"footnotes":""},"categories":[12],"tags":[22,23,26,27,17,21,24,25,28,29,15,16,18,34,31,33,32,30,19,20],"class_list":{"0":"post-135018","1":"post","2":"type-post","3":"status-publish","4":"format-standard","5":"has-post-thumbnail","7":"category-sverige","8":"tag-breaking-news","9":"tag-breakingnews","10":"tag-featured-news","11":"tag-featurednews","12":"tag-headlines","13":"tag-huvudnyheter","14":"tag-latest-news","15":"tag-latestnews","16":"tag-main-news","17":"tag-mainnews","18":"tag-news","19":"tag-nyheter","20":"tag-rubriker","21":"tag-se","22":"tag-svenska","23":"tag-sverige","24":"tag-sweden","25":"tag-swedish","26":"tag-top-stories","27":"tag-topstories"},"share_on_mastodon":{"url":"https:\/\/pubeurope.com\/@se\/115890719548033273","error":""},"_links":{"self":[{"href":"https:\/\/www.europesays.com\/se\/wp-json\/wp\/v2\/posts\/135018","targetHints":{"allow":["GET"]}}],"collection":[{"href":"https:\/\/www.europesays.com\/se\/wp-json\/wp\/v2\/posts"}],"about":[{"href":"https:\/\/www.europesays.com\/se\/wp-json\/wp\/v2\/types\/post"}],"author":[{"embeddable":true,"href":"https:\/\/www.europesays.com\/se\/wp-json\/wp\/v2\/users\/2"}],"replies":[{"embeddable":true,"href":"https:\/\/www.europesays.com\/se\/wp-json\/wp\/v2\/comments?post=135018"}],"version-history":[{"count":0,"href":"https:\/\/www.europesays.com\/se\/wp-json\/wp\/v2\/posts\/135018\/revisions"}],"wp:featuredmedia":[{"embeddable":true,"href":"https:\/\/www.europesays.com\/se\/wp-json\/wp\/v2\/media\/135019"}],"wp:attachment":[{"href":"https:\/\/www.europesays.com\/se\/wp-json\/wp\/v2\/media?parent=135018"}],"wp:term":[{"taxonomy":"category","embeddable":true,"href":"https:\/\/www.europesays.com\/se\/wp-json\/wp\/v2\/categories?post=135018"},{"taxonomy":"post_tag","embeddable":true,"href":"https:\/\/www.europesays.com\/se\/wp-json\/wp\/v2\/tags?post=135018"}],"curies":[{"name":"wp","href":"https:\/\/api.w.org\/{rel}","templated":true}]}}