{"id":135020,"date":"2026-01-14T00:53:16","date_gmt":"2026-01-14T00:53:16","guid":{"rendered":"https:\/\/www.europesays.com\/se\/135020\/"},"modified":"2026-01-14T00:53:16","modified_gmt":"2026-01-14T00:53:16","slug":"personal-stangs-av-fran-granliden","status":"publish","type":"post","link":"https:\/\/www.europesays.com\/se\/135020\/","title":{"rendered":"Personal st\u00e4ngs av fr\u00e5n Granliden"},"content":{"rendered":"<p>Nu st\u00e4ngs flera anst\u00e4llda av fr\u00e5n Granlidens \u00e4ldreboende i G\u00f6teborg.<\/p>\n<p>Staden har tidigare satt in v\u00e4ktare, nytt larmsystem och psykologsamtal f\u00f6r att f\u00e5 bukt med krisen inom personalgruppen \u2013 men inget hj\u00e4lpte.<\/p>\n<p>Under tiden som en ny utredning p\u00e5g\u00e5r f\u00e5r till att b\u00f6rja med tre personer inte komma till jobbet. \u00a0\u201dAnsvariga ska identifieras\u201d, s\u00e4ger den politiskt ansvariga i G\u00f6teborgs stad.<\/p>\n","protected":false},"excerpt":{"rendered":"Nu st\u00e4ngs flera anst\u00e4llda av fr\u00e5n Granlidens \u00e4ldreboende i G\u00f6teborg. Staden har tidigare satt in v\u00e4ktare, nytt larmsystem&hellip;\n","protected":false},"author":2,"featured_media":135021,"comment_status":"","ping_status":"","sticky":false,"template":"","format":"standard","meta":{"footnotes":""},"categories":[5],"tags":[22,23,26,27,17,21,24,25,28,29,15,16,18,34,31,33,32,30,19,20],"class_list":{"0":"post-135020","1":"post","2":"type-post","3":"status-publish","4":"format-standard","5":"has-post-thumbnail","7":"category-rubriker","8":"tag-breaking-news","9":"tag-breakingnews","10":"tag-featured-news","11":"tag-featurednews","12":"tag-headlines","13":"tag-huvudnyheter","14":"tag-latest-news","15":"tag-latestnews","16":"tag-main-news","17":"tag-mainnews","18":"tag-news","19":"tag-nyheter","20":"tag-rubriker","21":"tag-se","22":"tag-svenska","23":"tag-sverige","24":"tag-sweden","25":"tag-swedish","26":"tag-top-stories","27":"tag-topstories"},"share_on_mastodon":{"url":"https:\/\/pubeurope.com\/@se\/115890723381051329","error":""},"_links":{"self":[{"href":"https:\/\/www.europesays.com\/se\/wp-json\/wp\/v2\/posts\/135020","targetHints":{"allow":["GET"]}}],"collection":[{"href":"https:\/\/www.europesays.com\/se\/wp-json\/wp\/v2\/posts"}],"about":[{"href":"https:\/\/www.europesays.com\/se\/wp-json\/wp\/v2\/types\/post"}],"author":[{"embeddable":true,"href":"https:\/\/www.europesays.com\/se\/wp-json\/wp\/v2\/users\/2"}],"replies":[{"embeddable":true,"href":"https:\/\/www.europesays.com\/se\/wp-json\/wp\/v2\/comments?post=135020"}],"version-history":[{"count":0,"href":"https:\/\/www.europesays.com\/se\/wp-json\/wp\/v2\/posts\/135020\/revisions"}],"wp:featuredmedia":[{"embeddable":true,"href":"https:\/\/www.europesays.com\/se\/wp-json\/wp\/v2\/media\/135021"}],"wp:attachment":[{"href":"https:\/\/www.europesays.com\/se\/wp-json\/wp\/v2\/media?parent=135020"}],"wp:term":[{"taxonomy":"category","embeddable":true,"href":"https:\/\/www.europesays.com\/se\/wp-json\/wp\/v2\/categories?post=135020"},{"taxonomy":"post_tag","embeddable":true,"href":"https:\/\/www.europesays.com\/se\/wp-json\/wp\/v2\/tags?post=135020"}],"curies":[{"name":"wp","href":"https:\/\/api.w.org\/{rel}","templated":true}]}}