{"id":135024,"date":"2026-01-14T01:00:29","date_gmt":"2026-01-14T01:00:29","guid":{"rendered":"https:\/\/www.europesays.com\/se\/135024\/"},"modified":"2026-01-14T01:00:29","modified_gmt":"2026-01-14T01:00:29","slug":"han-hojer-varningens-finger-for-isarna-det-ar-livsfarligt-2","status":"publish","type":"post","link":"https:\/\/www.europesays.com\/se\/135024\/","title":{"rendered":"Han h\u00f6jer varningens finger f\u00f6r isarna \u2013 &#8221;Det \u00e4r livsfarligt&#8221;"},"content":{"rendered":"<p>    <a href=\"https:\/\/www.europesays.com\/se\/wp-content\/uploads\/2026\/01\/desktop_131731276.jpg\">&#13;<br \/>\n        <img decoding=\"async\" src=\"https:\/\/www.europesays.com\/se\/wp-content\/uploads\/2026\/01\/desktop_131731276.jpg\" loading=\"lazy\" alt=\"Han h&#xF6;jer varningens finger f&#xF6;r isarna &#x2013; \" det=\"\" livsfarligt=\"\"\/>&#13;<br \/>\n    <\/a><\/p>\n<p>&#13;<br \/>\n            Anders Milton fr\u00e5n St\u00e5ng\u00e5dalens SFK vill varna f\u00f6r isarna. Bilden \u00e4r en genrebild.&#13;<br \/>\n            &#13;<br \/>\n                Foto: MostPhotos&#13;<br \/>\n            &#13;\n        <\/p>\n<p>I helgen h\u00f6ll St\u00e5ng\u00e5dalens Sportfiskeklubb sin f\u00f6rsta pimpelt\u00e4vling f\u00f6r s\u00e4songen. Det tror Anders Milton kan ha lett till att folk tror att det g\u00e5r att ge sig ut sj\u00f6arna runt omkring.\u00a0<\/p>\n<p>\u2013 Vi ska ha DM p\u00e5 s\u00f6ndag, men det blir nog inst\u00e4llt. Vi har varit runt i dag och kollat \u00c5sunden, Juttern, Hjorten i Rumskulla och det \u00e4r inte bra is, s\u00e4ger han.<\/p>\n<p>D\u00e4rf\u00f6r vill han skicka ut en varning om att inte ge sig ut.<\/p>\n<p>\u2013 Isarna \u00e4r livsfarliga. Man kanske tror att det \u00e4r bra is i och med att det varit kallt, men \u00e4ven att det har varit 15 minusgrader s\u00e5 blir det ingen is. Det \u00e4r lite ot\u00e4ckt, s\u00e4ger Anders Milton.\u00a0<\/p>\n<p>Han \u00e4r grenansvarig f\u00f6r pimpel inom fiskeklubben.\u00a0<\/p>\n<p>\u2013 Det \u00e4r 16-17 centimeter p\u00e5 sina st\u00e4llen, men sedan g\u00e5r man 30 meter och d\u00e5 \u00e4r det ingen is kvar. D\u00e4rf\u00f6r blir man lite orolig.<\/p>\n","protected":false},"excerpt":{"rendered":"&#13; &#13; &#13; Anders Milton fr\u00e5n St\u00e5ng\u00e5dalens SFK vill varna f\u00f6r isarna. Bilden \u00e4r en genrebild.&#13; &#13; Foto:&hellip;\n","protected":false},"author":2,"featured_media":134904,"comment_status":"","ping_status":"","sticky":false,"template":"","format":"standard","meta":{"footnotes":""},"categories":[12],"tags":[22,23,26,27,17,21,24,25,28,29,15,16,18,34,31,33,32,30,19,20],"class_list":{"0":"post-135024","1":"post","2":"type-post","3":"status-publish","4":"format-standard","5":"has-post-thumbnail","7":"category-sverige","8":"tag-breaking-news","9":"tag-breakingnews","10":"tag-featured-news","11":"tag-featurednews","12":"tag-headlines","13":"tag-huvudnyheter","14":"tag-latest-news","15":"tag-latestnews","16":"tag-main-news","17":"tag-mainnews","18":"tag-news","19":"tag-nyheter","20":"tag-rubriker","21":"tag-se","22":"tag-svenska","23":"tag-sverige","24":"tag-sweden","25":"tag-swedish","26":"tag-top-stories","27":"tag-topstories"},"share_on_mastodon":{"url":"https:\/\/pubeurope.com\/@se\/115890751138180790","error":""},"_links":{"self":[{"href":"https:\/\/www.europesays.com\/se\/wp-json\/wp\/v2\/posts\/135024","targetHints":{"allow":["GET"]}}],"collection":[{"href":"https:\/\/www.europesays.com\/se\/wp-json\/wp\/v2\/posts"}],"about":[{"href":"https:\/\/www.europesays.com\/se\/wp-json\/wp\/v2\/types\/post"}],"author":[{"embeddable":true,"href":"https:\/\/www.europesays.com\/se\/wp-json\/wp\/v2\/users\/2"}],"replies":[{"embeddable":true,"href":"https:\/\/www.europesays.com\/se\/wp-json\/wp\/v2\/comments?post=135024"}],"version-history":[{"count":0,"href":"https:\/\/www.europesays.com\/se\/wp-json\/wp\/v2\/posts\/135024\/revisions"}],"wp:featuredmedia":[{"embeddable":true,"href":"https:\/\/www.europesays.com\/se\/wp-json\/wp\/v2\/media\/134904"}],"wp:attachment":[{"href":"https:\/\/www.europesays.com\/se\/wp-json\/wp\/v2\/media?parent=135024"}],"wp:term":[{"taxonomy":"category","embeddable":true,"href":"https:\/\/www.europesays.com\/se\/wp-json\/wp\/v2\/categories?post=135024"},{"taxonomy":"post_tag","embeddable":true,"href":"https:\/\/www.europesays.com\/se\/wp-json\/wp\/v2\/tags?post=135024"}],"curies":[{"name":"wp","href":"https:\/\/api.w.org\/{rel}","templated":true}]}}