{"id":135031,"date":"2026-01-14T01:08:30","date_gmt":"2026-01-14T01:08:30","guid":{"rendered":"https:\/\/www.europesays.com\/se\/135031\/"},"modified":"2026-01-14T01:08:30","modified_gmt":"2026-01-14T01:08:30","slug":"lastbilsolycka-orsakade-langa-koer-pa-e6-jakligt-halt","status":"publish","type":"post","link":"https:\/\/www.europesays.com\/se\/135031\/","title":{"rendered":"Lastbilsolycka orsakade l\u00e5nga k\u00f6er p\u00e5 E6: \u201dJ\u00e4kligt halt\u201d"},"content":{"rendered":"<p>Lastbilen k\u00f6rde av v\u00e4gen strax efter klockan 12 p\u00e5 tisdagen. Hytten hamnade i diket, men sl\u00e4pet l\u00e5g \u00f6ver en del av v\u00e4gen och blockerade trafiken i s\u00f6derg\u00e5ende riktning. <\/p>\n<p>Det finns inga uppgifter om n\u00e5gra personskador. <\/p>\n<p>\u2013 Det \u00e4r j\u00e4kligt halt p\u00e5 platsen och sn\u00f6ar ymnigt, s\u00e5 det g\u00e4ller att ta det lugnt och k\u00f6ra f\u00f6rsiktigt, sa Jack F\u00e5gelqvist, vakthavande bef\u00e4l vid r\u00e4ddningstj\u00e4nsten i Fyrbodal. <\/p>\n<p>Orsakade l\u00e5nga k\u00f6er<\/p>\n<p>Lastbilen beh\u00f6vde b\u00e4rgas. Det var l\u00e5nga k\u00f6er p\u00e5 platsen, enligt r\u00e4ddningstj\u00e4nsten, men vid klockan 14.30 ska det vara uppklarat. De l\u00e4mnade redan vid klockan 14.<\/p>\n<p>Under tisdagen varnar SMHI f\u00f6r pl\u00f6tslig ishalka i G\u00f6teborgsomr\u00e5det, d\u00e5 sn\u00f6n ska \u00f6verg\u00e5 i regn. <\/p>\n","protected":false},"excerpt":{"rendered":"Lastbilen k\u00f6rde av v\u00e4gen strax efter klockan 12 p\u00e5 tisdagen. Hytten hamnade i diket, men sl\u00e4pet l\u00e5g \u00f6ver&hellip;\n","protected":false},"author":2,"featured_media":135032,"comment_status":"","ping_status":"","sticky":false,"template":"","format":"standard","meta":{"footnotes":""},"categories":[12],"tags":[22,23,26,27,17,21,24,25,28,29,15,16,18,34,31,33,32,30,19,20],"class_list":{"0":"post-135031","1":"post","2":"type-post","3":"status-publish","4":"format-standard","5":"has-post-thumbnail","7":"category-sverige","8":"tag-breaking-news","9":"tag-breakingnews","10":"tag-featured-news","11":"tag-featurednews","12":"tag-headlines","13":"tag-huvudnyheter","14":"tag-latest-news","15":"tag-latestnews","16":"tag-main-news","17":"tag-mainnews","18":"tag-news","19":"tag-nyheter","20":"tag-rubriker","21":"tag-se","22":"tag-svenska","23":"tag-sverige","24":"tag-sweden","25":"tag-swedish","26":"tag-top-stories","27":"tag-topstories"},"share_on_mastodon":{"url":"https:\/\/pubeurope.com\/@se\/115890782372511110","error":""},"_links":{"self":[{"href":"https:\/\/www.europesays.com\/se\/wp-json\/wp\/v2\/posts\/135031","targetHints":{"allow":["GET"]}}],"collection":[{"href":"https:\/\/www.europesays.com\/se\/wp-json\/wp\/v2\/posts"}],"about":[{"href":"https:\/\/www.europesays.com\/se\/wp-json\/wp\/v2\/types\/post"}],"author":[{"embeddable":true,"href":"https:\/\/www.europesays.com\/se\/wp-json\/wp\/v2\/users\/2"}],"replies":[{"embeddable":true,"href":"https:\/\/www.europesays.com\/se\/wp-json\/wp\/v2\/comments?post=135031"}],"version-history":[{"count":0,"href":"https:\/\/www.europesays.com\/se\/wp-json\/wp\/v2\/posts\/135031\/revisions"}],"wp:featuredmedia":[{"embeddable":true,"href":"https:\/\/www.europesays.com\/se\/wp-json\/wp\/v2\/media\/135032"}],"wp:attachment":[{"href":"https:\/\/www.europesays.com\/se\/wp-json\/wp\/v2\/media?parent=135031"}],"wp:term":[{"taxonomy":"category","embeddable":true,"href":"https:\/\/www.europesays.com\/se\/wp-json\/wp\/v2\/categories?post=135031"},{"taxonomy":"post_tag","embeddable":true,"href":"https:\/\/www.europesays.com\/se\/wp-json\/wp\/v2\/tags?post=135031"}],"curies":[{"name":"wp","href":"https:\/\/api.w.org\/{rel}","templated":true}]}}