{"id":135051,"date":"2026-01-14T03:03:26","date_gmt":"2026-01-14T03:03:26","guid":{"rendered":"https:\/\/www.europesays.com\/se\/135051\/"},"modified":"2026-01-14T03:03:26","modified_gmt":"2026-01-14T03:03:26","slug":"namdoskargardens-nationalpark-lansstyrelsen-stockholm","status":"publish","type":"post","link":"https:\/\/www.europesays.com\/se\/135051\/","title":{"rendered":"N\u00e4md\u00f6sk\u00e4rg\u00e5rdens nationalpark | L\u00e4nsstyrelsen Stockholm"},"content":{"rendered":"<p class=\"sv-font-ingress\">L\u00e4ngst ut i havsbandet i Stockholms sk\u00e4rg\u00e5rd i ligger N\u00e4md\u00f6sk\u00e4rg\u00e5rdens nationalpark. H\u00e4r kan du uppleva yttersk\u00e4rg\u00e5rden bara n\u00e5gon timme bort fr\u00e5n fastland och storstad. N\u00e4md\u00f6sk\u00e4rg\u00e5rden \u00e4r v\u00e5r f\u00f6rsta svenska marina nationalpark i \u00d6stersj\u00f6n. H\u00e4r kan du vandra, kl\u00e4ttra, bada, snorkla \u2013 eller bara sitta ner en stund p\u00e5 en fin klippa och njuta av stillheten och utsikten \u00f6ver havet.<\/p>\n<p>I yttersk\u00e4rg\u00e5rden styr v\u00e4dret<\/p>\n<p class=\"normal\">I N\u00e4md\u00f6sk\u00e4rg\u00e5rden \u00e4r det v\u00e4der och vind som best\u00e4mmer f\u00f6ruts\u00e4ttningarna. Det m\u00e4rks inte minst p\u00e5 naturen. V\u00e4xtligheten f\u00f6r\u00e4ndras och blir l\u00e4gre och kargare ju l\u00e4ngre ut du kommer.<\/p>\n<p class=\"normal\">P\u00e5 de inre \u00f6arna i nationalparken finns det gott om barrskog. Tallen trivs gott p\u00e5 sk\u00e4rg\u00e5rds\u00f6arnas n\u00e4ringsfattiga h\u00e4llmarker, liksom ljung, lingon- och bl\u00e5b\u00e4rsris. I s\u00e4nkorna v\u00e4xer bland annat bj\u00f6rk och al och h\u00e4r finns \u00e4ven mindre ytor med gr\u00e4smarker inkilade. Ju l\u00e4ngre ut du kommer desto mindre och krummare blir tr\u00e4den och v\u00e4xtligheten blir l\u00e4gre. P\u00e5 de allra yttersta sk\u00e4ren kan endast lavar v\u00e4xa p\u00e5 de i \u00f6vrigt kalspolade h\u00e4llarna.<\/p>\n<p>Tre st\u00f6rre \u00f6ar och tusentals sm\u00e5 kobbar och sk\u00e4r<\/p>\n<p class=\"normal\">I nationalparken finns 1 353 \u00f6ar, kobbar och sk\u00e4r och ett st\u00f6rre havsomr\u00e5de l\u00e4ngst \u00f6sterut. H\u00e4r finns gott om naturhamnar och plats f\u00f6r friluftsliv, men tillg\u00e5ng till b\u00e5ttransport kr\u00e4vs f\u00f6r att ta sig hit. P\u00e5 de tre st\u00f6rsta \u00f6arna finns den \u00e4ldre bebyggelsen bevarad.<\/p>\n<ul class=\" env-text-list normal\">\n<li><strong>Buller\u00f6<\/strong>. Buller\u00f6 \u00e4r nationalparkens entr\u00e9. I byn finns ett g\u00e4sthem med utek\u00f6k som \u00e4r \u00f6ppet under h\u00f6gs\u00e4song och en varm raststuga och vedeldad bastu som \u00e4r \u00f6ppna \u00e5ret om. P\u00e5 \u00f6n finns vandringsleder av olika sv\u00e5righetsgrad, en informationsplats, en badstrand, en t\u00e4ltplats och ett litet museum i konstn\u00e4ren Bruno Liljefors f\u00f6re detta jaktstuga. Delar av \u00f6n \u00e4r tillg\u00e4nglighetsanpassade s\u00e5 att det g\u00e5r att ta sig runt med rullstol, barnvagn eller rullator.<\/li>\n<li><strong>R\u00e5gsk\u00e4r. <\/strong>P\u00e5 R\u00e5gsk\u00e4r hittar du ett v\u00e4lbevarat traditionellt sk\u00e4rg\u00e5rdshemman. Torpet \u00e4r statligt byggnadsminne och ska bevaras f\u00f6r framtiden, men hyrs \u00e4ven ut till bes\u00f6kare. P\u00e5 R\u00e5gsk\u00e4r pr\u00e4glar kulturlandskapet naturen p\u00e5 \u00f6n. H\u00e4r kan du g\u00e5 l\u00e4ngs en vandringsled och uppleva \u00f6ppna betesmarker, passerade hamlade tr\u00e4d och g\u00e4rdesg\u00e5rdar och tr\u00e4ffa v\u00e5ra fyrbenta naturv\u00e5rdare \u2013 korna och f\u00e5ren som betar h\u00e4r under sommaren.<\/li>\n<li><strong>L\u00e5ngvikssk\u00e4r. <\/strong>\u00c4ven L\u00e5ngvikssk\u00e4r har en \u00e4ldre bevarad bybebyggelse, delvis i privat \u00e4go. Till sommaren 2026 iordningst\u00e4lls en fin rundslinga som str\u00e4cker sig \u00f6ver de mittersta delarna av \u00f6n och l\u00e4ngs den v\u00e4stra kusten. P\u00e5 s\u00f6dra delen av \u00f6n finns en \u00f6ppen rastbod och sp\u00e5r efter den milit\u00e4ra spaningsverksamheten som \u00e4gde rum p\u00e5 \u00f6n under andra v\u00e4rldskriget. Denna del av \u00f6n ing\u00e5r inte i nationalparken men \u00e4r d\u00e4remot naturreservat.<\/li>\n<\/ul>\n<p>Under ytan<\/p>\n<p class=\"normal\">97 procent av nationalparkens yta best\u00e5r av hav. Runt \u00f6arna \u00e4r bottnarna oftast grunda. Bottnarna best\u00e5r av mjuk sand-, eller grusbotten, eller av \u00e4r h\u00e5rda bottnar t\u00e4ckta av musselbankar och revmilj\u00f6er. <br \/>De grunda vikarna \u00e4r sk\u00e4rg\u00e5rdens barnkammare. L\u00e4ngre ut p\u00e5 djupare vatten forts\u00e4tter havsbottnen som ett lika kuperat landskap som p\u00e5 land. Musselbankerna som finns h\u00e4r fungerar, s\u00e4rskilt vintertid, som skafferi f\u00f6r sk\u00e4rg\u00e5rdens fiskar, sj\u00f6f\u00e5glar och s\u00e4lar. Det br\u00e4ckta vattnet den h\u00e4r delen av \u00d6stersj\u00f6n g\u00f6r att b\u00e5de salt- och s\u00f6tvattensarter lever h\u00e4r.<\/p>\n<p class=\"normal\">Du kan sj\u00e4lv uppt\u00e4cka en liten del av undervattensv\u00e4rlden om du snorklar, vadar inne vid en strand eller kikar ner med cyklop fr\u00e5n en klippkant. En enklare utst\u00e4llning om de marina milj\u00f6erna, och om sj\u00f6f\u00e5glar som lever h\u00e4r finns i jaktstugan p\u00e5 Buller\u00f6.<\/p>\n<p>Respektera djurlivet<\/p>\n<p class=\"normal\">Djurlivet i omr\u00e5det \u00e4r rikt. Du ser ofta havs\u00f6rn, och \u00e4ven annan sj\u00f6f\u00e5gel, under ett bes\u00f6k h\u00e4r. P\u00e5 \u00f6arna kan du m\u00f6ta p\u00e5 st\u00f6rre djur som \u00e4lg, r\u00e5ddjur, r\u00e4v, hare, mink och b\u00e4ver. Men ocks\u00e5 mindre som ekorre, sork, orm och vattensalamander. I nationalparken finns flera f\u00e5gelskyddsomr\u00e5den som skyddar f\u00e5gellivet under h\u00e4ckningss\u00e4songen n\u00e4r f\u00e5glarna \u00e4r som mest k\u00e4nsliga f\u00f6r st\u00f6rningar. I dessa r\u00e5der tidsbegr\u00e4nsat tilltr\u00e4desf\u00f6rbud. Vi ber \u00e4ven dig som bes\u00f6ker nationalparken att ha din hund eller s\u00e4llskapsdjur kopplat.<\/p>\n<p>V\u00e4lkommen!L\u00e4s mer om N\u00e4md\u00f6sk\u00e4rg\u00e5rdens nationalpark<\/p>\n<p class=\"sv-font-brodtext-med-bla-lankning\"><a href=\"https:\/\/www.sverigesnationalparker.se\/park\/namdoskargardens-nationalpark\/besoksinformation\/hitta-hit\/\" rel=\"nofollow noopener\" target=\"_blank\">Sveriges nationalparker webbplats L\u00e4nk till annan webbplats.<\/a><\/p>\n<p class=\"sv-font-brodtext-med-bla-lankning\"><a href=\"https:\/\/www.sverigesnationalparker.se\/park\/namdoskargardens-nationalpark\/besoksinformation\/hitta-hit\/\" rel=\"nofollow noopener\" target=\"_blank\">Hitta hit L\u00e4nk till annan webbplats.<\/a><\/p>\n","protected":false},"excerpt":{"rendered":"L\u00e4ngst ut i havsbandet i Stockholms sk\u00e4rg\u00e5rd i ligger N\u00e4md\u00f6sk\u00e4rg\u00e5rdens nationalpark. H\u00e4r kan du uppleva yttersk\u00e4rg\u00e5rden bara n\u00e5gon&hellip;\n","protected":false},"author":2,"featured_media":135052,"comment_status":"","ping_status":"","sticky":false,"template":"","format":"standard","meta":{"footnotes":""},"categories":[12],"tags":[22,23,26,27,17,21,24,25,28,29,15,16,18,34,31,33,32,30,19,20],"class_list":{"0":"post-135051","1":"post","2":"type-post","3":"status-publish","4":"format-standard","5":"has-post-thumbnail","7":"category-sverige","8":"tag-breaking-news","9":"tag-breakingnews","10":"tag-featured-news","11":"tag-featurednews","12":"tag-headlines","13":"tag-huvudnyheter","14":"tag-latest-news","15":"tag-latestnews","16":"tag-main-news","17":"tag-mainnews","18":"tag-news","19":"tag-nyheter","20":"tag-rubriker","21":"tag-se","22":"tag-svenska","23":"tag-sverige","24":"tag-sweden","25":"tag-swedish","26":"tag-top-stories","27":"tag-topstories"},"share_on_mastodon":{"url":"https:\/\/pubeurope.com\/@se\/115891234596883871","error":""},"_links":{"self":[{"href":"https:\/\/www.europesays.com\/se\/wp-json\/wp\/v2\/posts\/135051","targetHints":{"allow":["GET"]}}],"collection":[{"href":"https:\/\/www.europesays.com\/se\/wp-json\/wp\/v2\/posts"}],"about":[{"href":"https:\/\/www.europesays.com\/se\/wp-json\/wp\/v2\/types\/post"}],"author":[{"embeddable":true,"href":"https:\/\/www.europesays.com\/se\/wp-json\/wp\/v2\/users\/2"}],"replies":[{"embeddable":true,"href":"https:\/\/www.europesays.com\/se\/wp-json\/wp\/v2\/comments?post=135051"}],"version-history":[{"count":0,"href":"https:\/\/www.europesays.com\/se\/wp-json\/wp\/v2\/posts\/135051\/revisions"}],"wp:featuredmedia":[{"embeddable":true,"href":"https:\/\/www.europesays.com\/se\/wp-json\/wp\/v2\/media\/135052"}],"wp:attachment":[{"href":"https:\/\/www.europesays.com\/se\/wp-json\/wp\/v2\/media?parent=135051"}],"wp:term":[{"taxonomy":"category","embeddable":true,"href":"https:\/\/www.europesays.com\/se\/wp-json\/wp\/v2\/categories?post=135051"},{"taxonomy":"post_tag","embeddable":true,"href":"https:\/\/www.europesays.com\/se\/wp-json\/wp\/v2\/tags?post=135051"}],"curies":[{"name":"wp","href":"https:\/\/api.w.org\/{rel}","templated":true}]}}