{"id":135055,"date":"2026-01-14T03:11:28","date_gmt":"2026-01-14T03:11:28","guid":{"rendered":"https:\/\/www.europesays.com\/se\/135055\/"},"modified":"2026-01-14T03:11:28","modified_gmt":"2026-01-14T03:11:28","slug":"forundersokning-laggs-ner-efter-droglarm-i-salen","status":"publish","type":"post","link":"https:\/\/www.europesays.com\/se\/135055\/","title":{"rendered":"F\u00f6runders\u00f6kning l\u00e4ggs ner efter droglarm i S\u00e4len"},"content":{"rendered":"<p class=\"boxtextgrotesk-root_baa6 hyperion-css-7pajle\">Publicerad 2026-01-13 11.30<\/p>\n<p>share-arrowDela<\/p>\n<p>unsaveSpara<\/p>\n<p>expand-left<\/p>\n<p>helsk\u00e4rm<img decoding=\"async\" class=\"image-asset hyperion-css-u06ts1\" data-test-tag=\"image-asset\" src=\"https:\/\/www.europesays.com\/se\/wp-content\/uploads\/2026\/01\/a5c9c58e-6e7a-40fe-afb4-28d036005cfd.jpeg\"  alt=\"F\u00f6runders\u00f6kningen l\u00e4ggs ner. Arkivbild.\"  loading=\"eager\" fetchpriority=\"high\" style=\"aspect-ratio:1900 \/ 1292\"\/>F\u00f6runders\u00f6kningen l\u00e4ggs ner. Arkivbild. Foto: Johan Nilsson\/TT<\/p>\n<p class=\"hyperion-css-1v9qo5x\">Polisen l\u00e4gger ner f\u00f6runders\u00f6kningen efter droglarmen i S\u00e4lenomr\u00e5det sedan analyssvar fr\u00e5n <a data-test-tag=\"internal-link\" href=\"https:\/\/www.aftonbladet.se\/tagg\/rattsmedicinalverket\" class=\"hyperion-css-15jkft9\" rel=\"nofollow noopener\" target=\"\" aria-label=\"R\u00e4ttsmedicinalverket\">R\u00e4ttsmedicinalverket<\/a> inte visat p\u00e5 n\u00e5gra olagliga substanser, skriver polisen.<\/p>\n<p class=\"hyperion-css-1v9qo5x\">Det var i b\u00f6rjan av december som polisen fick flera anm\u00e4lningar fr\u00e5n kvinnor som misst\u00e4nkt att de blivit drogade i krogmilj\u00f6 i S\u00e4lenfj\u00e4llen. Polisen inledde d\u00e5 en f\u00f6runders\u00f6kning om misst\u00e4nkt misshandel, som nu l\u00e4ggs ner.<\/p>\n","protected":false},"excerpt":{"rendered":"Publicerad 2026-01-13 11.30 share-arrowDela unsaveSpara expand-left helsk\u00e4rmF\u00f6runders\u00f6kningen l\u00e4ggs ner. Arkivbild. Foto: Johan Nilsson\/TT Polisen l\u00e4gger ner f\u00f6runders\u00f6kningen efter&hellip;\n","protected":false},"author":2,"featured_media":135056,"comment_status":"","ping_status":"","sticky":false,"template":"","format":"standard","meta":{"footnotes":""},"categories":[12],"tags":[22,23,26,27,17,21,24,25,28,29,15,16,18,34,31,33,32,30,19,20],"class_list":{"0":"post-135055","1":"post","2":"type-post","3":"status-publish","4":"format-standard","5":"has-post-thumbnail","7":"category-sverige","8":"tag-breaking-news","9":"tag-breakingnews","10":"tag-featured-news","11":"tag-featurednews","12":"tag-headlines","13":"tag-huvudnyheter","14":"tag-latest-news","15":"tag-latestnews","16":"tag-main-news","17":"tag-mainnews","18":"tag-news","19":"tag-nyheter","20":"tag-rubriker","21":"tag-se","22":"tag-svenska","23":"tag-sverige","24":"tag-sweden","25":"tag-swedish","26":"tag-top-stories","27":"tag-topstories"},"share_on_mastodon":{"url":"https:\/\/pubeurope.com\/@se\/115891266001567301","error":""},"_links":{"self":[{"href":"https:\/\/www.europesays.com\/se\/wp-json\/wp\/v2\/posts\/135055","targetHints":{"allow":["GET"]}}],"collection":[{"href":"https:\/\/www.europesays.com\/se\/wp-json\/wp\/v2\/posts"}],"about":[{"href":"https:\/\/www.europesays.com\/se\/wp-json\/wp\/v2\/types\/post"}],"author":[{"embeddable":true,"href":"https:\/\/www.europesays.com\/se\/wp-json\/wp\/v2\/users\/2"}],"replies":[{"embeddable":true,"href":"https:\/\/www.europesays.com\/se\/wp-json\/wp\/v2\/comments?post=135055"}],"version-history":[{"count":0,"href":"https:\/\/www.europesays.com\/se\/wp-json\/wp\/v2\/posts\/135055\/revisions"}],"wp:featuredmedia":[{"embeddable":true,"href":"https:\/\/www.europesays.com\/se\/wp-json\/wp\/v2\/media\/135056"}],"wp:attachment":[{"href":"https:\/\/www.europesays.com\/se\/wp-json\/wp\/v2\/media?parent=135055"}],"wp:term":[{"taxonomy":"category","embeddable":true,"href":"https:\/\/www.europesays.com\/se\/wp-json\/wp\/v2\/categories?post=135055"},{"taxonomy":"post_tag","embeddable":true,"href":"https:\/\/www.europesays.com\/se\/wp-json\/wp\/v2\/tags?post=135055"}],"curies":[{"name":"wp","href":"https:\/\/api.w.org\/{rel}","templated":true}]}}