{"id":135059,"date":"2026-01-14T03:19:30","date_gmt":"2026-01-14T03:19:30","guid":{"rendered":"https:\/\/www.europesays.com\/se\/135059\/"},"modified":"2026-01-14T03:19:30","modified_gmt":"2026-01-14T03:19:30","slug":"vinterberedskap-for-vagar-och-gang-och-cykelbanor-tyreso-kommun","status":"publish","type":"post","link":"https:\/\/www.europesays.com\/se\/135059\/","title":{"rendered":"Vinterberedskap f\u00f6r v\u00e4gar och g\u00e5ng- och cykelbanor &#8211; Tyres\u00f6 kommun"},"content":{"rendered":"<ol>\n<li><a href=\"https:\/\/news.google.com\/rss\/articles\/CBMi2AFBVV95cUxNa1Q3SDB0OGpWVjBOdmNJOGlOU1FpR05xejdoMGp5YjkyaVZDWVVKUDNFWXI3dzhfa015TFlEMHU4cGF6ZFJKYm8wNHIxSHZjNmZzUGRnS21qVHZ2Sjh4SFVJY1NGWDVLSTRlN1A4TFU4Q25KT0N2SUw5M0tsMVhrczdSVWlpVnRQZjNrOWVJV2VOZVN3NTBVaUI4eXNseUx5QTZrcHphT0RyMGVEeFc1U2tzN253SjBQX1VkZ2xNSm9TU1RNOWtZVUNyRndOWEFUS0RwSU4wX3k?oc=5\" target=\"_blank\" rel=\"nofollow noopener\">Vinterberedskap f\u00f6r v\u00e4gar och g\u00e5ng- och cykelbanor<\/a>&nbsp;&nbsp;Tyres\u00f6 kommun<\/li>\n<li><a href=\"https:\/\/news.google.com\/rss\/articles\/CBMingFBVV95cUxOaFMtTld0cUg4VUQxU0ROQWk3ZkRVei10UXVDMmNwNl9oNTVpZzJxWnJRWUs4dDNpZE5OYWo4SzlNWG1zNDVqOG9wMnFHTnBEQVU5bUNyd2g2VDkxNDNTNFBfSUZLZ3QtQk9aMmJLQnFQZ1hEajRKNTVFWmhyMV91Y3hlcmNtYmhSaTk4N3lsZkY5MU9WWVVEWjJTTUJ1QQ?oc=5\" target=\"_blank\" rel=\"nofollow noopener\">Sn\u00f6yrans hj\u00e4ltar hyllas i sociala medier: \u201dBetyder j\u00e4ttemycket\u201d<\/a>&nbsp;&nbsp;Sveriges Radio<\/li>\n<li><a href=\"https:\/\/news.google.com\/rss\/articles\/CBMipAFBVV95cUxOcTNuX1BtLTR6UVBRTHl0S0g4bDlpMVFZODhCNmp3d3hWeGNSSWNrSXp3cExhcjVSOG1lNld3c2IwVS1HNXAteWg0eXZaczJqbWhDZUFZR2FwY25UQ3ktb1daMXk2MFFzc1dRMlRfaTZ2dUo3UHgwUE5aSmZmdFZyVmU3VFZhVVlUTjdMbkNweEQzOE1rSUkzSUtpMTR3N0VEcHE3MQ?oc=5\" target=\"_blank\" rel=\"nofollow noopener\">Kommunen f\u00f6rbereder f\u00f6r n\u00e4sta sn\u00f6fall \u2013 k\u00f6r bort sn\u00f6<\/a>&nbsp;&nbsp;Mitt i<\/li>\n<li><a href=\"https:\/\/news.google.com\/rss\/articles\/CBMiekFVX3lxTE93N1lQYkpiNnVDSkwxMFl0NEh2MkFNRU5fV3llWF9aTWpHR1BrWHJJZ0x1RkF1MVRaTTlNS2pKWHh4YjBkLW9fNjZEczVGX2o3RFQxRFE0NW4wU0pGU0dtZVVqOEl2M1lwRC1tUTFuZ200cm9qaTYtc3pR?oc=5\" target=\"_blank\" rel=\"nofollow noopener\">S\u00e5 sn\u00f6r\u00f6js gatorna hos dig<\/a>&nbsp;&nbsp;Norrtelje Tidning<\/li>\n<li><a href=\"https:\/\/news.google.com\/rss\/articles\/CBMie0FVX3lxTFBqZUxoT2FVdllxVXV5N191M3FSeGJFMFM1NjdWUUZvOTZ6VkptYTFGUWlTWFZhM0lYRnhObWV0OXlSbDZEODJRTXdaQ0dxUlNhRUJzZzAyZEZTM29oOGpXYjgxSktURk14SExEWDh2SnVnSFBvbTlTQnhQQQ?oc=5\" target=\"_blank\" rel=\"nofollow noopener\">De sliter f\u00f6r att f\u00e5 dina gator fria fr\u00e5n sn\u00f6<\/a>&nbsp;&nbsp;Sm\u00e5landsposten<\/li>\n<\/ol>\n","protected":false},"excerpt":{"rendered":"Vinterberedskap f\u00f6r v\u00e4gar och g\u00e5ng- och cykelbanor&nbsp;&nbsp;Tyres\u00f6 kommun Sn\u00f6yrans hj\u00e4ltar hyllas i sociala medier: \u201dBetyder j\u00e4ttemycket\u201d&nbsp;&nbsp;Sveriges Radio Kommunen&hellip;\n","protected":false},"author":2,"featured_media":135060,"comment_status":"","ping_status":"","sticky":false,"template":"","format":"standard","meta":{"footnotes":""},"categories":[12],"tags":[22,23,26,27,17,21,24,25,28,29,15,16,18,34,31,33,32,30,19,20,8043],"class_list":{"0":"post-135059","1":"post","2":"type-post","3":"status-publish","4":"format-standard","5":"has-post-thumbnail","7":"category-sverige","8":"tag-breaking-news","9":"tag-breakingnews","10":"tag-featured-news","11":"tag-featurednews","12":"tag-headlines","13":"tag-huvudnyheter","14":"tag-latest-news","15":"tag-latestnews","16":"tag-main-news","17":"tag-mainnews","18":"tag-news","19":"tag-nyheter","20":"tag-rubriker","21":"tag-se","22":"tag-svenska","23":"tag-sverige","24":"tag-sweden","25":"tag-swedish","26":"tag-top-stories","27":"tag-topstories","28":"tag-tyreso"},"share_on_mastodon":{"url":"https:\/\/pubeurope.com\/@se\/115891297511685372","error":""},"_links":{"self":[{"href":"https:\/\/www.europesays.com\/se\/wp-json\/wp\/v2\/posts\/135059","targetHints":{"allow":["GET"]}}],"collection":[{"href":"https:\/\/www.europesays.com\/se\/wp-json\/wp\/v2\/posts"}],"about":[{"href":"https:\/\/www.europesays.com\/se\/wp-json\/wp\/v2\/types\/post"}],"author":[{"embeddable":true,"href":"https:\/\/www.europesays.com\/se\/wp-json\/wp\/v2\/users\/2"}],"replies":[{"embeddable":true,"href":"https:\/\/www.europesays.com\/se\/wp-json\/wp\/v2\/comments?post=135059"}],"version-history":[{"count":0,"href":"https:\/\/www.europesays.com\/se\/wp-json\/wp\/v2\/posts\/135059\/revisions"}],"wp:featuredmedia":[{"embeddable":true,"href":"https:\/\/www.europesays.com\/se\/wp-json\/wp\/v2\/media\/135060"}],"wp:attachment":[{"href":"https:\/\/www.europesays.com\/se\/wp-json\/wp\/v2\/media?parent=135059"}],"wp:term":[{"taxonomy":"category","embeddable":true,"href":"https:\/\/www.europesays.com\/se\/wp-json\/wp\/v2\/categories?post=135059"},{"taxonomy":"post_tag","embeddable":true,"href":"https:\/\/www.europesays.com\/se\/wp-json\/wp\/v2\/tags?post=135059"}],"curies":[{"name":"wp","href":"https:\/\/api.w.org\/{rel}","templated":true}]}}