{"id":135081,"date":"2026-01-14T04:00:40","date_gmt":"2026-01-14T04:00:40","guid":{"rendered":"https:\/\/www.europesays.com\/se\/135081\/"},"modified":"2026-01-14T04:00:40","modified_gmt":"2026-01-14T04:00:40","slug":"har-rivs-1800-talshuset-som-ingen-ville-ha","status":"publish","type":"post","link":"https:\/\/www.europesays.com\/se\/135081\/","title":{"rendered":"H\u00e4r rivs 1800-talshuset som ingen ville ha"},"content":{"rendered":"<p class=\"ort\">Marieh\u00e4ll<\/p>\n<p class=\"text\">Gula villan, den tidigare arbetark\u00e5ken i Marieh\u00e4ll, revs f\u00f6rra torsdagskv\u00e4llen.<\/p>\n<p class=\"text\">Det hela f\u00f6regicks av ett grundligt planeringsarbete.<\/p>\n<p><img decoding=\"async\" class=\"Image Image_\" src=\"\" data-aghref=\"http:\/\/www.mitti.se\/image-3.346333.271600.20260113161802.4b36aa7958\" data-agimagetype=\"hardcrop\" alt=\"Huset stod uppallat p\u00e5 en industritomt i Marieh\u00e4ll f\u00f6re rivningen.\"\/><\/p>\n<p class=\"Caption\">Huset stod uppallat p\u00e5 en industritomt i Marieh\u00e4ll f\u00f6re rivningen.<\/p>\n<p class=\"Source\">Angie Gray<\/p>\n<p class=\"text\">&#8221;Tillst\u00e5nd kr\u00e4vdes exempelvis f\u00f6r att st\u00e4nga av Ulvsundav\u00e4gen norrg\u00e5ende, vilket vi beh\u00f6vde g\u00f6ra av s\u00e4kerhetssk\u00e4l. Det var tr\u00e5ngt p\u00e5 platsen och eftersom byggnadens skick var d\u00e5ligt valde vi att riva nattetid f\u00f6r att st\u00f6ra omgivningen s\u00e5 lite som m\u00f6jligt&#8221;, skriver Lena Remaues vid fastighetskontoret.<\/p>\n<p>Risk f\u00f6r kollaps<\/p>\n<p class=\"text\">Huset revs utifr\u00e5n med maskiner d\u00e5 golv och bj\u00e4lklag var skadade.<\/p>\n<p class=\"text\">&#8221;Risken f\u00f6r att trampa igenom golvet var stor och eftersom den b\u00e4rande stommen var skadad fanns \u00e4ven risk f\u00f6r kollaps. Det \u00e4r anledningen till att huset revs utifr\u00e5n med maskiner, i st\u00e4llet f\u00f6r att demonteras.&#8221;<\/p>\n<p class=\"faktarubrik\">Tidigare arbetarbost\u00e4der och kaf\u00e9<\/p>\n<p class=\"fakta\">Gula villan l\u00e5g tidigare vid Karlsbodav\u00e4gen i Marieh\u00e4ll.<\/p>\n<p class=\"fakta\">Den var en kulturminnesskyddad 1800-talbyggnad som \u00e4gdes av Stockholms stad.<\/p>\n<p class=\"fakta\">Fungerade f\u00f6rst som arbetarbost\u00e4der och senare som kaf\u00e9. <\/p>\n<p class=\"fakta\">Hade innan rivningen tillf\u00e4lligt flyttats till en tillf\u00e4llig uppst\u00e4llningsplats vid G\u00e5rdsfogdev\u00e4gen i Marieh\u00e4ll.<\/p>\n<p class=\"faktakalla\">K\u00e4lla: Stockholms stad<\/p>\n<p class=\"text\">Fler borgerliga oppositionspolitiker har velat r\u00e4dda villan, bland dem oppositionsborgarr\u00e5det Dennis Wedin (M).<\/p>\n<p class=\"text\">&#8221;Gula villan \u00e4r en kulturminnesskyddad 1800- talbyggnad, och det \u00e4r bara att konstatera att den nu \u00e4r en symbol f\u00f6r hur Socialdemokraterna inte respekterar Stockholms kulturarv&#8221;, skrev han i en kommentar till Mitt i.<\/p>\n<p>&#8221;Fick f\u00f6rfalla&#8221;<\/p>\n<p class=\"text\">Anders \u00d6sterberg (S), ordf\u00f6rande i exploateringsn\u00e4mnden, har i en tidigare intervju med Mitt i sagt att hans parti 2018 var med och unders\u00f6kte om det fanns m\u00f6jlighet att flytta p\u00e5 byggnaden.<\/p>\n<p class=\"citat\">D\u00e4r den tyv\u00e4rr fick st\u00e5 och f\u00f6rfalla.<\/p>\n<p class=\"text\">\u2013 D\u00e4refter tog Moderaterna \u00f6ver styret i Stockholm som l\u00e4t st\u00e4lla upp villan p\u00e5 en plats d\u00e4r den tyv\u00e4rr fick st\u00e5 och f\u00f6rfalla. <\/p>\n<p><img decoding=\"async\" class=\"Image Image_\" src=\"\" data-aghref=\"http:\/\/www.mitti.se\/image-3.273340.271600.20260113161802.7a3dfeef97\" data-agimagetype=\"hardcrop\" alt=\"Nu \u00e4r huset ett minne blott.\"\/><\/p>\n<p class=\"Caption\">Nu \u00e4r huset ett minne blott.<\/p>\n<p class=\"Source\">Anders Gustafsson<\/p>\n<p class=\"text\">Gula villan var vid rivningen i behov av omfattande renovering och kostnaden att flytta och rusta upp den skulle bli orimligt h\u00f6g.<\/p>\n<p class=\"text\">N\u00e4r den i h\u00f6stas lades ut till f\u00f6rs\u00e4ljning f\u00f6r 250\u00a0000 kronor var det ingen som nappade.<\/p>\n<p><video width=\"100%\" height=\"100%\" controls=\"\" preload=\"none\" poster=\"\/poster-4.330.cce69ba650?format=3\">En l\u00e4sare tog den h\u00e4r filmen vid rivningen.<\/video><\/p>\n<p class=\"text\">&#8221;Det har varit personer som tittat p\u00e5 Gula villan, men ingen av dem visade intresse av att fullf\u00f6lja en aff\u00e4r&#8221;, skriver Elisabeth Lindvall, kommunikat\u00f6r p\u00e5 exploateringskontoret, i ett mejl till Mitt i.<\/p>\n","protected":false},"excerpt":{"rendered":"Marieh\u00e4ll Gula villan, den tidigare arbetark\u00e5ken i Marieh\u00e4ll, revs f\u00f6rra torsdagskv\u00e4llen. Det hela f\u00f6regicks av ett grundligt planeringsarbete.&hellip;\n","protected":false},"author":2,"featured_media":135082,"comment_status":"","ping_status":"","sticky":false,"template":"","format":"standard","meta":{"footnotes":""},"categories":[12],"tags":[22,23,26,27,17,21,24,25,28,29,15,16,18,34,31,33,32,30,19,20],"class_list":{"0":"post-135081","1":"post","2":"type-post","3":"status-publish","4":"format-standard","5":"has-post-thumbnail","7":"category-sverige","8":"tag-breaking-news","9":"tag-breakingnews","10":"tag-featured-news","11":"tag-featurednews","12":"tag-headlines","13":"tag-huvudnyheter","14":"tag-latest-news","15":"tag-latestnews","16":"tag-main-news","17":"tag-mainnews","18":"tag-news","19":"tag-nyheter","20":"tag-rubriker","21":"tag-se","22":"tag-svenska","23":"tag-sverige","24":"tag-sweden","25":"tag-swedish","26":"tag-top-stories","27":"tag-topstories"},"share_on_mastodon":{"url":"https:\/\/pubeurope.com\/@se\/115891458774420942","error":""},"_links":{"self":[{"href":"https:\/\/www.europesays.com\/se\/wp-json\/wp\/v2\/posts\/135081","targetHints":{"allow":["GET"]}}],"collection":[{"href":"https:\/\/www.europesays.com\/se\/wp-json\/wp\/v2\/posts"}],"about":[{"href":"https:\/\/www.europesays.com\/se\/wp-json\/wp\/v2\/types\/post"}],"author":[{"embeddable":true,"href":"https:\/\/www.europesays.com\/se\/wp-json\/wp\/v2\/users\/2"}],"replies":[{"embeddable":true,"href":"https:\/\/www.europesays.com\/se\/wp-json\/wp\/v2\/comments?post=135081"}],"version-history":[{"count":0,"href":"https:\/\/www.europesays.com\/se\/wp-json\/wp\/v2\/posts\/135081\/revisions"}],"wp:featuredmedia":[{"embeddable":true,"href":"https:\/\/www.europesays.com\/se\/wp-json\/wp\/v2\/media\/135082"}],"wp:attachment":[{"href":"https:\/\/www.europesays.com\/se\/wp-json\/wp\/v2\/media?parent=135081"}],"wp:term":[{"taxonomy":"category","embeddable":true,"href":"https:\/\/www.europesays.com\/se\/wp-json\/wp\/v2\/categories?post=135081"},{"taxonomy":"post_tag","embeddable":true,"href":"https:\/\/www.europesays.com\/se\/wp-json\/wp\/v2\/tags?post=135081"}],"curies":[{"name":"wp","href":"https:\/\/api.w.org\/{rel}","templated":true}]}}