{"id":135093,"date":"2026-01-14T04:43:07","date_gmt":"2026-01-14T04:43:07","guid":{"rendered":"https:\/\/www.europesays.com\/se\/135093\/"},"modified":"2026-01-14T04:43:07","modified_gmt":"2026-01-14T04:43:07","slug":"nytt-forskarhopp-om-att-losa-gatan-schizofreni","status":"publish","type":"post","link":"https:\/\/www.europesays.com\/se\/135093\/","title":{"rendered":"Nytt forskarhopp om att l\u00f6sa g\u00e5tan schizofreni"},"content":{"rendered":"<p>Billigare teknik, globala samarbeten och nya metoder ger nytt hopp. Jens Hjerling-Leffler, professor i molekyl\u00e4r psykiatri, vars forskargrupp studerar schizofrenins genetik, ser en ny optimism inom sitt forskningsf\u00e4lt.<\/p>\n<p>\u2013 Bland forskare kallas annars schizofreni sk\u00e4mtsamt f\u00f6r karri\u00e4rkyrkog\u00e5rden. Varje generation forskare har n\u00e5gra galningar som ger sig p\u00e5 schizofreni. Hj\u00e4rnan \u00e4r det mest komplexa vi har och av hj\u00e4rnans sjukdomar \u00e4r det den mest genetiskt komplexa, s\u00e4ger han.<\/p>\n","protected":false},"excerpt":{"rendered":"Billigare teknik, globala samarbeten och nya metoder ger nytt hopp. Jens Hjerling-Leffler, professor i molekyl\u00e4r psykiatri, vars forskargrupp&hellip;\n","protected":false},"author":2,"featured_media":135094,"comment_status":"","ping_status":"","sticky":false,"template":"","format":"standard","meta":{"footnotes":""},"categories":[69],"tags":[113,112,34,31,33,32,30],"class_list":{"0":"post-135093","1":"post","2":"type-post","3":"status-publish","4":"format-standard","5":"has-post-thumbnail","7":"category-halsa","8":"tag-halsa","9":"tag-health","10":"tag-se","11":"tag-svenska","12":"tag-sverige","13":"tag-sweden","14":"tag-swedish"},"share_on_mastodon":{"url":"https:\/\/pubeurope.com\/@se\/115891627762676060","error":""},"_links":{"self":[{"href":"https:\/\/www.europesays.com\/se\/wp-json\/wp\/v2\/posts\/135093","targetHints":{"allow":["GET"]}}],"collection":[{"href":"https:\/\/www.europesays.com\/se\/wp-json\/wp\/v2\/posts"}],"about":[{"href":"https:\/\/www.europesays.com\/se\/wp-json\/wp\/v2\/types\/post"}],"author":[{"embeddable":true,"href":"https:\/\/www.europesays.com\/se\/wp-json\/wp\/v2\/users\/2"}],"replies":[{"embeddable":true,"href":"https:\/\/www.europesays.com\/se\/wp-json\/wp\/v2\/comments?post=135093"}],"version-history":[{"count":0,"href":"https:\/\/www.europesays.com\/se\/wp-json\/wp\/v2\/posts\/135093\/revisions"}],"wp:featuredmedia":[{"embeddable":true,"href":"https:\/\/www.europesays.com\/se\/wp-json\/wp\/v2\/media\/135094"}],"wp:attachment":[{"href":"https:\/\/www.europesays.com\/se\/wp-json\/wp\/v2\/media?parent=135093"}],"wp:term":[{"taxonomy":"category","embeddable":true,"href":"https:\/\/www.europesays.com\/se\/wp-json\/wp\/v2\/categories?post=135093"},{"taxonomy":"post_tag","embeddable":true,"href":"https:\/\/www.europesays.com\/se\/wp-json\/wp\/v2\/tags?post=135093"}],"curies":[{"name":"wp","href":"https:\/\/api.w.org\/{rel}","templated":true}]}}