{"id":135105,"date":"2026-01-14T05:01:33","date_gmt":"2026-01-14T05:01:33","guid":{"rendered":"https:\/\/www.europesays.com\/se\/135105\/"},"modified":"2026-01-14T05:01:33","modified_gmt":"2026-01-14T05:01:33","slug":"vilket-ode-for-en-sokande-strale-av-emilia-hasselquist-langefors","status":"publish","type":"post","link":"https:\/\/www.europesays.com\/se\/135105\/","title":{"rendered":"\u201dVilket \u00f6de f\u00f6r en s\u00f6kande str\u00e5le\u201d av Emilia Hasselquist Langefors"},"content":{"rendered":"<p>Publicerad 14 jan 2026 kl 05.00<\/p>\n<p>Kort efter debuten kommer Emilia Hasselquist Langefors uppf\u00f6ljare.<\/p>\n<p>Thomas G\u00f6tselius l\u00e4ser en rastl\u00f6s poesi med om\u00e4ttlig aptit p\u00e5 livet.<\/p>\n<p><img   alt=\"\"\/><\/p>\n<p>Emilia Hasselquist Langefors \u00e4r aktuell med sin andra diktsamling \u201dVilket \u00f6de f\u00f6r en s\u00f6kande str\u00e5le\u201d.<\/p>\n<p>Foto: M\u00e4rta Thisner \/ Albert Bonniers<\/p>\n<p>\u00d6ppna bild i helsk\u00e4rm<img loading=\"lazy\"   alt=\"\"\/><\/p>\n<p>Thomas G\u00f6tselius \u00e4r professor i litteraturvetenskap p\u00e5 Stockholms universitet och kritiker i Expressen.<\/p>\n<p>Foto: S\u00f6ren Andersson \/ Stockholms universitet<\/p>\n<p>\u00d6ppna bild i helsk\u00e4rm<\/p>\n<p><strong>RECENSION. <\/strong>Stillhet \u00e4r d\u00f6d, r\u00f6relse \u00e4r allt.\u00a0<\/p>\n<p>Det \u00e4r inte m\u00e5nga m\u00e5nader sedan <strong>Emilia Hasselquist Langefors<\/strong> debuterade med diktsamlingen \u201dJ\u00e4mte gr\u00f6net\u201d p\u00e5 lilla 20-tal. Men redan nu kommer uppf\u00f6ljaren, \u201dVilket \u00f6de f\u00f6r en s\u00f6kande str\u00e5le\u201d, p\u00e5 stora Albert Bonniers. Rastl\u00f6sheten speglas i dikten. Det handlar om en poesi som expanderar \u00e5t alla h\u00e5ll p\u00e5 samma g\u00e5ng. Och som \u00e4ven tankem\u00e4ssigt intresserar sig f\u00f6r r\u00f6relsen som livets uttryck.\u00a0<\/p>\n<p><img loading=\"lazy\"   alt=\"\"\/>\u00d6ppna bild i helsk\u00e4rm<\/p>\n<p>Transcendens, inte immanens, f\u00f6r att tala med en k\u00e4nd existentialist som f\u00e5tt bidra med bokens motto (<strong>Simone de Beauvoir<\/strong>).<\/p>\n<p>Pretenti\u00f6st kan tyckas. Men Hasselquist Langefors \u00e4r snabb p\u00e5 att placera filosofin i skrattspegeln. H\u00e4r sjungs \u201dlivets theme song: i like to move it!\u201d V\u00e4nta, vilken s\u00e5ng? M\u00e5ste v\u00e4l vara <strong>Sacha Baron Cohens<\/strong> i gamla rullen \u201dMadagaskar\u201d, t\u00e4nker jag. Det \u00e4r talande. Viljan att begripa varat ger hennes poesi drag av l\u00e4rodikt. Men eventuella h\u00f6gtidligheter f\u00f6rtas n\u00e4r orden l\u00e4ggs i munnen p\u00e5 en \u00e5terkommande, komisk gestalt, \u201dPortvakten\u201d. Och sedan punkteras det hela med diktjagets reaktioner: \u201dVa, eh, va, eh, va okej men\u201d.\u00a0<\/p>\n<p>\u00d6ver huvud taget \u00e4r detta en formuleringsglad poesi i osminkad sluggerstil. Retromodernistiska metaforer blandas glatt med knixig textmanipulation. Texten ser ut att ha h\u00e4llts ut \u00f6ver sidorna i stora sjok, versaler blandas med gemener, n\u00e4r inte versalerna ensamma f\u00e5r ropa ut \u201dJAG L\u00c4NGTAR EFTER ATT BLI UTNYTTJAD\u201d.<\/p>\n<blockquote><p>Text som transcendens, sex som transcendens.<\/p><\/blockquote>\n<p>Just detta hj\u00e4lper diktsamlingens andra \u00e5terkommande gestalt, \u201dKirurgen\u201d, g\u00e4rna till med. Oklart vem det \u00e4r men i diktjagets lika surriga som surrealistiska fl\u00f6de \u00e4r sex alltid ett bra alternativ: \u201dstaden \u00e4r en knullmaskin och jag \u00e4r \u00f6ppen som ett s\u00e5r\u201d.\u00a0<\/p>\n<p>Text som transcendens, sex som transcendens. Har vi h\u00f6rt det f\u00f6rut?\u00a0<\/p>\n<p>Jovisst. Men hos Emilia Hasselquist Langefors \u00e4r det ingen tr\u00f6tt pose. Bakom alla \u00f6verskridanden anas i st\u00e4llet en s\u00e4llsynt humoristisk tvesyn och en om\u00e4ttlig aptit p\u00e5 livets r\u00f6relse. Det g\u00f6r hennes bok till ett poetiskt lyckopiller.\u00a0<\/p>\n<p>LYRIK<\/p>\n<p>EMILIA HASSELQUIST LANGEFORS<\/p>\n<p>Vilket \u00f6de f\u00f6r en s\u00f6kande str\u00e5le\u00a0<\/p>\n<p>Albert Bonniers, 148 s.<\/p>\n<p>Visa mer<\/p>\n<p>Thomas G\u00f6tselius \u00e4r professor i litteraturvetenskap p\u00e5 Stockholms universitet och kritiker i Expressen.<\/p>\n","protected":false},"excerpt":{"rendered":"Publicerad 14 jan 2026 kl 05.00 Kort efter debuten kommer Emilia Hasselquist Langefors uppf\u00f6ljare. Thomas G\u00f6tselius l\u00e4ser en&hellip;\n","protected":false},"author":2,"featured_media":135106,"comment_status":"","ping_status":"","sticky":false,"template":"","format":"standard","meta":{"footnotes":""},"categories":[67],"tags":[104,3755,34,438,31,33,32,30,1515,105],"class_list":{"0":"post-135105","1":"post","2":"type-post","3":"status-publish","4":"format-standard","5":"has-post-thumbnail","7":"category-underhallning","8":"tag-entertainment","9":"tag-organization-expressen-kultur","10":"tag-se","11":"tag-sections-bocker","12":"tag-svenska","13":"tag-sverige","14":"tag-sweden","15":"tag-swedish","16":"tag-topic-bokrecensioner","17":"tag-underhallning"},"share_on_mastodon":{"url":"https:\/\/pubeurope.com\/@se\/115891698618390338","error":""},"_links":{"self":[{"href":"https:\/\/www.europesays.com\/se\/wp-json\/wp\/v2\/posts\/135105","targetHints":{"allow":["GET"]}}],"collection":[{"href":"https:\/\/www.europesays.com\/se\/wp-json\/wp\/v2\/posts"}],"about":[{"href":"https:\/\/www.europesays.com\/se\/wp-json\/wp\/v2\/types\/post"}],"author":[{"embeddable":true,"href":"https:\/\/www.europesays.com\/se\/wp-json\/wp\/v2\/users\/2"}],"replies":[{"embeddable":true,"href":"https:\/\/www.europesays.com\/se\/wp-json\/wp\/v2\/comments?post=135105"}],"version-history":[{"count":0,"href":"https:\/\/www.europesays.com\/se\/wp-json\/wp\/v2\/posts\/135105\/revisions"}],"wp:featuredmedia":[{"embeddable":true,"href":"https:\/\/www.europesays.com\/se\/wp-json\/wp\/v2\/media\/135106"}],"wp:attachment":[{"href":"https:\/\/www.europesays.com\/se\/wp-json\/wp\/v2\/media?parent=135105"}],"wp:term":[{"taxonomy":"category","embeddable":true,"href":"https:\/\/www.europesays.com\/se\/wp-json\/wp\/v2\/categories?post=135105"},{"taxonomy":"post_tag","embeddable":true,"href":"https:\/\/www.europesays.com\/se\/wp-json\/wp\/v2\/tags?post=135105"}],"curies":[{"name":"wp","href":"https:\/\/api.w.org\/{rel}","templated":true}]}}