{"id":135109,"date":"2026-01-14T05:05:11","date_gmt":"2026-01-14T05:05:11","guid":{"rendered":"https:\/\/www.europesays.com\/se\/135109\/"},"modified":"2026-01-14T05:05:11","modified_gmt":"2026-01-14T05:05:11","slug":"smhi-gar-ut-med-en-gul-varning-pa-grund-av-snoovader","status":"publish","type":"post","link":"https:\/\/www.europesays.com\/se\/135109\/","title":{"rendered":"SMHI g\u00e5r ut med en gul varning p\u00e5 grund av sn\u00f6ov\u00e4der"},"content":{"rendered":"<p>Det kraftiga sn\u00f6ov\u00e4dret inleds vid 02-tid, enligt SMHI:s prognoser. I hela G\u00f6taland \u00e4r det gul varning f\u00f6r pl\u00f6tslig ishalka p\u00e5 grund av regn.<\/p>\n<p>I \u00f6stra delarna av landet, \u00d6sterg\u00f6tland och sydligaste G\u00e4strikland, r\u00e5der ocks\u00e5 gul varning f\u00f6r kraftigt sn\u00f6fall. Detsamma g\u00e4ller G\u00e4vleborgs och V\u00e4sternorrlands l\u00e4n.<\/p>\n<p><strong>Redan p\u00e5 tisdagskv\u00e4llen<\/strong> sjunker temperaturen, samtidigt som bl\u00f6tsn\u00f6 kommer att uppst\u00e5. SMHI varnar f\u00f6r att ishalka uppst\u00e5r p\u00e5 onsdagsmorgonen.<\/p>\n<p>\u2013 Det har varit mycket kallt under en l\u00e4ngre tid och mycket kyla lagrad i marken. Det som sker under onsdagen \u00e4r att det kommer att passera ett l\u00e5gtryck med mycket nederb\u00f6rd, s\u00e4ger Emma Rosengren, meteorolog p\u00e5 SMHI.<\/p>\n<p>          <img decoding=\"async\" class=\"picture__img\" src=\"https:\/\/www.europesays.com\/se\/wp-content\/uploads\/2026\/01\/cc32b1b7-e8e0-4778-bf10-c3b77315b083.jpeg\"   alt=\"Under onsdagen v\u00e4ntas kraftigt sn\u00f6fall. SMHI har g\u00e5tt med en gul varning med utbredd risk f\u00f6r ishalka i s\u00f6dra Sverige.\"\/><\/p>\n<p>      Under onsdagen v\u00e4ntas kraftigt sn\u00f6fall. SMHI har g\u00e5tt med en gul varning med utbredd risk f\u00f6r ishalka i s\u00f6dra Sverige.<\/p>\n<p>      Foto: Lukas Hansson<\/p>\n<p>Hon s\u00e4ger att flera omr\u00e5den lokalt i landet kommer att vara extra utsatta.<\/p>\n<p>\u2013 Ishalkan kommer att vara aktuell veckan ut. H\u00e4r blir det utmanande eftersom det kommer in mildare luft. I och med den mildare luften s\u00e5 b\u00f6rjar vi f\u00e5 mer regn som faller p\u00e5 kalla v\u00e4gar och kan ge problem med halka.<\/p>\n<p><strong>Det kraftiga sn\u00f6ov\u00e4dret<\/strong> f\u00f6rv\u00e4ntas att p\u00e5g\u00e5 fram till onsdagskv\u00e4llen. SMHI varnar ocks\u00e5 f\u00f6r att det kan vara sv\u00e5rt att ta sig fram i kollektivtrafiken, men \u00e4ven risk f\u00f6r d\u00e5ligt v\u00e4glag f\u00f6r bilister.<\/p>\n<p>\u2013 Det kommer inte vara l\u00e4tt att ta sig ut i trafiken och man kommer beh\u00f6va l\u00e5ng tid f\u00f6r att anpassa hastigheten. D\u00e4rf\u00f6r rekommenderar vi att de som kan b\u00f6r arbeta hemifr\u00e5n, s\u00e4ger Emma Rosengren.<\/p>\n","protected":false},"excerpt":{"rendered":"Det kraftiga sn\u00f6ov\u00e4dret inleds vid 02-tid, enligt SMHI:s prognoser. I hela G\u00f6taland \u00e4r det gul varning f\u00f6r pl\u00f6tslig&hellip;\n","protected":false},"author":2,"featured_media":135110,"comment_status":"","ping_status":"","sticky":false,"template":"","format":"standard","meta":{"footnotes":""},"categories":[12],"tags":[22,23,26,27,17,21,24,25,28,29,15,16,18,34,31,33,32,30,19,20],"class_list":{"0":"post-135109","1":"post","2":"type-post","3":"status-publish","4":"format-standard","5":"has-post-thumbnail","7":"category-sverige","8":"tag-breaking-news","9":"tag-breakingnews","10":"tag-featured-news","11":"tag-featurednews","12":"tag-headlines","13":"tag-huvudnyheter","14":"tag-latest-news","15":"tag-latestnews","16":"tag-main-news","17":"tag-mainnews","18":"tag-news","19":"tag-nyheter","20":"tag-rubriker","21":"tag-se","22":"tag-svenska","23":"tag-sverige","24":"tag-sweden","25":"tag-swedish","26":"tag-top-stories","27":"tag-topstories"},"share_on_mastodon":{"url":"https:\/\/pubeurope.com\/@se\/115891714360891780","error":""},"_links":{"self":[{"href":"https:\/\/www.europesays.com\/se\/wp-json\/wp\/v2\/posts\/135109","targetHints":{"allow":["GET"]}}],"collection":[{"href":"https:\/\/www.europesays.com\/se\/wp-json\/wp\/v2\/posts"}],"about":[{"href":"https:\/\/www.europesays.com\/se\/wp-json\/wp\/v2\/types\/post"}],"author":[{"embeddable":true,"href":"https:\/\/www.europesays.com\/se\/wp-json\/wp\/v2\/users\/2"}],"replies":[{"embeddable":true,"href":"https:\/\/www.europesays.com\/se\/wp-json\/wp\/v2\/comments?post=135109"}],"version-history":[{"count":0,"href":"https:\/\/www.europesays.com\/se\/wp-json\/wp\/v2\/posts\/135109\/revisions"}],"wp:featuredmedia":[{"embeddable":true,"href":"https:\/\/www.europesays.com\/se\/wp-json\/wp\/v2\/media\/135110"}],"wp:attachment":[{"href":"https:\/\/www.europesays.com\/se\/wp-json\/wp\/v2\/media?parent=135109"}],"wp:term":[{"taxonomy":"category","embeddable":true,"href":"https:\/\/www.europesays.com\/se\/wp-json\/wp\/v2\/categories?post=135109"},{"taxonomy":"post_tag","embeddable":true,"href":"https:\/\/www.europesays.com\/se\/wp-json\/wp\/v2\/tags?post=135109"}],"curies":[{"name":"wp","href":"https:\/\/api.w.org\/{rel}","templated":true}]}}