{"id":13511,"date":"2025-08-25T17:41:06","date_gmt":"2025-08-25T17:41:06","guid":{"rendered":"https:\/\/www.europesays.com\/se\/13511\/"},"modified":"2025-08-25T17:41:06","modified_gmt":"2025-08-25T17:41:06","slug":"sa-kan-viktpreparatet-andra-kvinnors-underliv-larmet","status":"publish","type":"post","link":"https:\/\/www.europesays.com\/se\/13511\/","title":{"rendered":"S\u00e5 kan viktpreparatet \u00e4ndra kvinnors underliv \u2013 larmet"},"content":{"rendered":"<p>Publicerad 25 aug 2025 kl 19.00Uppdaterad kl 19.29<\/p>\n<p>Ihopsjunken och slapp hud \u2013 d\u00e4r nere.<\/p>\n<p>Biverkningen \u201dOzempic-vulva\u201d har rapporterats av kvinnor som anv\u00e4nder sig av viktminskningspreparatet, rapporterar <a href=\"https:\/\/nypost.com\/2025\/08\/18\/health\/ozempic-vulva-is-making-women-look-aged-droopy-down-there\/?sr_share=facebook&amp;utm_campaign=nypost&amp;utm_medium=social&amp;utm_source=facebook\" rel=\"nofollow noopener\" target=\"_blank\">New York post.<\/a>\u00a0<\/p>\n<p><img   alt=\"\"\/><\/p>\n<p>Ozempic har blivit ett popul\u00e4rt preparat f\u00f6r viktnedg\u00e5ng.<\/p>\n<p>Foto: Mohammed_Al_Ali \/ Shutterstock<\/p>\n<p>\u00d6ppna bild i helsk\u00e4rm<img loading=\"lazy\"   alt=\"\"\/><\/p>\n<p>Nu kommer larm om att kvinnor upplever f\u00f6r\u00e4ndringar med sina underliv.<\/p>\n<p>Foto: Yuriy Maksymiv \/ Shutterstock<\/p>\n<p>\u00d6ppna bild i helsk\u00e4rm<\/p>\n<p>\u201d<a href=\"https:\/\/www.expressen.se\/tagg\/organization\/ozempic\/\" class=\"\" rel=\"nofollow noopener\" target=\"_blank\">Ozempic<\/a> vulva\u201d eller \u201dOzempic vagina\u201d \u00e4r informella begrepp som anv\u00e4nds f\u00f6r att beskriva en typ av biverkning som kvinnor har upplevt i samband med att de anv\u00e4nt sig av Ozempic eller liknande GLP-1-l\u00e4kemedel, rapporterar New York Post.<\/p>\n<p>De senaste \u00e5ren har det spekulerats i att den ena stj\u00e4rnan efter den andra anv\u00e4nder sig av viktminskningsmedicinen.<\/p>\n<p>Oprah Winfrey, Amy Schumer, Robbie Williams, Sharon och Kelly Osbourne \u00e4r n\u00e5gra av dem som har g\u00e5tt ut offentligt och ber\u00e4ttat att de anv\u00e4nt Ozempic f\u00f6r att g\u00e5 ner i vikt.<\/p>\n<p>OZEMPIC OCH WEGOVY<\/p>\n<p>Ozempic \u00e4r godk\u00e4nd mot typ 2-diabetes i EU. Samma substans, semaglutid, men i en h\u00f6gre dos \u00e4r godk\u00e4nd mot fetma under namnet Wegovy.<\/p>\n<p>L\u00e4kare f\u00e5r f\u00f6rskriva l\u00e4kemedel \u00e4ven om det inte \u00e4r godk\u00e4nt mot just den sjukdomen, till exempel Ozempic mot fetma. Men d\u00e5 g\u00e4ller inte subventionen, och patienten betalar hela l\u00e4kemedelskostnaden sj\u00e4lv.<\/p>\n<p>Visa mer<\/p>\n<p>Sedan tidigare har det rapporterats <a href=\"https:\/\/www.expressen.se\/noje\/kandisarnas-ansikten-faller-ihop-slapp-hud\/\" rel=\"nofollow noopener\" target=\"_blank\">om \u201dOzempic face\u201d bland k\u00e4ndisar<\/a> som anv\u00e4nder medicinen med biverkningar som insjunkna \u00f6gon, utm\u00e4rglade kinder och slapp hud.<\/p>\n<p><img loading=\"lazy\"   alt=\"\"\/><\/p>\n<p>GLP-1-l\u00e4kemedel, som Ozempic, har snabbt blivit popul\u00e4ra f\u00f6r viktminskning.<\/p>\n<p>Foto: Caroline Ruda \/ Shutterstock<\/p>\n<p>\u00d6ppna bild i helsk\u00e4rm<\/p>\n<p>Nu rapporterar kvinnor om biverkningen \u201dOzempic vulva\u201d \u2013 en biverkning som beskriver hur vulvans yttre delar ser \u201dh\u00e4ngiga och \u00e5ldrande\u201d ut efter snabb viktminskning med hj\u00e4lp av GLP-1-l\u00e4kemedel, skriver New York Post.<\/p>\n<p>Orsaken tros bero p\u00e5 f\u00f6rlust av fett och muskelmassa i omr\u00e5det, vilket i sin tur kan leda till en \u201dihopsjunken\u201d och \u201dslapp\u201d hud.\u00a0<\/p>\n<p>Biverkningarna \u00e4r kopplade till snabb viktminskning och inte till sj\u00e4lva l\u00e4kemedlet i sig, skriver New York Post. Men det \u00e4r allts\u00e5 en ny uppt\u00e4ckt och inte en officiell eller erk\u00e4nd biverkning som finns i dag.<\/p>\n","protected":false},"excerpt":{"rendered":"Publicerad 25 aug 2025 kl 19.00Uppdaterad kl 19.29 Ihopsjunken och slapp hud \u2013 d\u00e4r nere. Biverkningen \u201dOzempic-vulva\u201d har&hellip;\n","protected":false},"author":2,"featured_media":13512,"comment_status":"","ping_status":"","sticky":false,"template":"","format":"standard","meta":{"footnotes":""},"categories":[14],"tags":[22,23,26,27,440,17,21,24,25,28,29,15,16,1816,144,1814,1815,18,34,55,31,33,32,30,19,688,1817,20,51,52,53,54],"class_list":{"0":"post-13511","1":"post","2":"type-post","3":"status-publish","4":"format-standard","5":"has-post-thumbnail","7":"category-varlden","8":"tag-breaking-news","9":"tag-breakingnews","10":"tag-featured-news","11":"tag-featurednews","12":"tag-function-unga","13":"tag-headlines","14":"tag-huvudnyheter","15":"tag-latest-news","16":"tag-latestnews","17":"tag-main-news","18":"tag-mainnews","19":"tag-news","20":"tag-nyheter","21":"tag-organization-new-york-post","22":"tag-organization-ozempic","23":"tag-person-oprah-winfrey","24":"tag-person-robbie-williams","25":"tag-rubriker","26":"tag-se","27":"tag-sections-varlden","28":"tag-svenska","29":"tag-sverige","30":"tag-sweden","31":"tag-swedish","32":"tag-top-stories","33":"tag-topic-halsa-sjukvard","34":"tag-topic-sexuell-halsa","35":"tag-topstories","36":"tag-varlden","37":"tag-world","38":"tag-world-news","39":"tag-worldnews"},"share_on_mastodon":{"url":"","error":""},"_links":{"self":[{"href":"https:\/\/www.europesays.com\/se\/wp-json\/wp\/v2\/posts\/13511","targetHints":{"allow":["GET"]}}],"collection":[{"href":"https:\/\/www.europesays.com\/se\/wp-json\/wp\/v2\/posts"}],"about":[{"href":"https:\/\/www.europesays.com\/se\/wp-json\/wp\/v2\/types\/post"}],"author":[{"embeddable":true,"href":"https:\/\/www.europesays.com\/se\/wp-json\/wp\/v2\/users\/2"}],"replies":[{"embeddable":true,"href":"https:\/\/www.europesays.com\/se\/wp-json\/wp\/v2\/comments?post=13511"}],"version-history":[{"count":0,"href":"https:\/\/www.europesays.com\/se\/wp-json\/wp\/v2\/posts\/13511\/revisions"}],"wp:featuredmedia":[{"embeddable":true,"href":"https:\/\/www.europesays.com\/se\/wp-json\/wp\/v2\/media\/13512"}],"wp:attachment":[{"href":"https:\/\/www.europesays.com\/se\/wp-json\/wp\/v2\/media?parent=13511"}],"wp:term":[{"taxonomy":"category","embeddable":true,"href":"https:\/\/www.europesays.com\/se\/wp-json\/wp\/v2\/categories?post=13511"},{"taxonomy":"post_tag","embeddable":true,"href":"https:\/\/www.europesays.com\/se\/wp-json\/wp\/v2\/tags?post=13511"}],"curies":[{"name":"wp","href":"https:\/\/api.w.org\/{rel}","templated":true}]}}