{"id":135111,"date":"2026-01-14T05:12:08","date_gmt":"2026-01-14T05:12:08","guid":{"rendered":"https:\/\/www.europesays.com\/se\/135111\/"},"modified":"2026-01-14T05:12:08","modified_gmt":"2026-01-14T05:12:08","slug":"medborgarrattskampen-claudette-colvin-ar-dod","status":"publish","type":"post","link":"https:\/\/www.europesays.com\/se\/135111\/","title":{"rendered":"Medborgarr\u00e4ttsk\u00e4mpen Claudette Colvin \u00e4r d\u00f6d"},"content":{"rendered":"<p>share-arrowDela<\/p>\n<p>unsaveSpara<\/p>\n<p>expand-left<\/p>\n<p>helsk\u00e4rm<img decoding=\"async\" class=\"image-asset hyperion-css-u06ts1\" data-test-tag=\"image-asset\" src=\"https:\/\/www.europesays.com\/se\/wp-content\/uploads\/2026\/01\/0b8dea4d-cecc-4c0f-a271-382b72e85980.jpeg\"  alt=\"Claudette Colvin har avlidit 86 \u00e5r gammal. H\u00e4r p\u00e5 bild fr\u00e5n 2021.\"  loading=\"eager\" fetchpriority=\"high\" style=\"aspect-ratio:1900 \/ 1267\"\/>Claudette Colvin har avlidit 86 \u00e5r gammal. H\u00e4r p\u00e5 bild fr\u00e5n 2021. Foto: Vasha Hunt\/AP\/TT<\/p>\n<p class=\"hyperion-css-1shl3oz\" data-test-tag=\"lead-text\">Den amerikanska medborgarr\u00e4ttsk\u00e4mpen Claudette Colvin har avlidit 86 \u00e5r gammal. Colvin ses som en av den moderna medborgarr\u00e4ttsr\u00f6relsens pionj\u00e4rer.<\/p>\n<p class=\"hyperion-css-1v9qo5x\">Flera m\u00e5nader innan Rosa Parks blev internationellt k\u00e4nd f\u00f6r sin aktion p\u00e5 en segregerad buss i Alabama hade Colvin gripits f\u00f6r en liknande protest \u2013 d\u00e5 15 \u00e5r gammal.<\/p>\n<p class=\"hyperion-css-1v9qo5x\">I mars 1955 v\u00e4grade hon att byta plats p\u00e5 bussen, i strid med segregationslagarna, och greps d\u00e4rf\u00f6r av polis.<\/p>\n<p class=\"hyperion-css-1v9qo5x\">Hennes r\u00e4ttsfall drevs till h\u00f6gsta domstolen och l\u00e5g till grund f\u00f6r en ny lagstiftning som f\u00f6rbj\u00f6d segregerad kollektivtrafik.<\/p>\n","protected":false},"excerpt":{"rendered":"share-arrowDela unsaveSpara expand-left helsk\u00e4rmClaudette Colvin har avlidit 86 \u00e5r gammal. H\u00e4r p\u00e5 bild fr\u00e5n 2021. Foto: Vasha Hunt\/AP\/TT&hellip;\n","protected":false},"author":2,"featured_media":135112,"comment_status":"","ping_status":"","sticky":false,"template":"","format":"standard","meta":{"footnotes":""},"categories":[14],"tags":[22,23,26,27,17,21,24,25,28,29,15,16,18,34,31,33,32,30,19,20,51,52,53,54],"class_list":{"0":"post-135111","1":"post","2":"type-post","3":"status-publish","4":"format-standard","5":"has-post-thumbnail","7":"category-varlden","8":"tag-breaking-news","9":"tag-breakingnews","10":"tag-featured-news","11":"tag-featurednews","12":"tag-headlines","13":"tag-huvudnyheter","14":"tag-latest-news","15":"tag-latestnews","16":"tag-main-news","17":"tag-mainnews","18":"tag-news","19":"tag-nyheter","20":"tag-rubriker","21":"tag-se","22":"tag-svenska","23":"tag-sverige","24":"tag-sweden","25":"tag-swedish","26":"tag-top-stories","27":"tag-topstories","28":"tag-varlden","29":"tag-world","30":"tag-world-news","31":"tag-worldnews"},"share_on_mastodon":{"url":"https:\/\/pubeurope.com\/@se\/115891741863456836","error":""},"_links":{"self":[{"href":"https:\/\/www.europesays.com\/se\/wp-json\/wp\/v2\/posts\/135111","targetHints":{"allow":["GET"]}}],"collection":[{"href":"https:\/\/www.europesays.com\/se\/wp-json\/wp\/v2\/posts"}],"about":[{"href":"https:\/\/www.europesays.com\/se\/wp-json\/wp\/v2\/types\/post"}],"author":[{"embeddable":true,"href":"https:\/\/www.europesays.com\/se\/wp-json\/wp\/v2\/users\/2"}],"replies":[{"embeddable":true,"href":"https:\/\/www.europesays.com\/se\/wp-json\/wp\/v2\/comments?post=135111"}],"version-history":[{"count":0,"href":"https:\/\/www.europesays.com\/se\/wp-json\/wp\/v2\/posts\/135111\/revisions"}],"wp:featuredmedia":[{"embeddable":true,"href":"https:\/\/www.europesays.com\/se\/wp-json\/wp\/v2\/media\/135112"}],"wp:attachment":[{"href":"https:\/\/www.europesays.com\/se\/wp-json\/wp\/v2\/media?parent=135111"}],"wp:term":[{"taxonomy":"category","embeddable":true,"href":"https:\/\/www.europesays.com\/se\/wp-json\/wp\/v2\/categories?post=135111"},{"taxonomy":"post_tag","embeddable":true,"href":"https:\/\/www.europesays.com\/se\/wp-json\/wp\/v2\/tags?post=135111"}],"curies":[{"name":"wp","href":"https:\/\/api.w.org\/{rel}","templated":true}]}}