{"id":135117,"date":"2026-01-14T05:21:07","date_gmt":"2026-01-14T05:21:07","guid":{"rendered":"https:\/\/www.europesays.com\/se\/135117\/"},"modified":"2026-01-14T05:21:07","modified_gmt":"2026-01-14T05:21:07","slug":"sa-ateruppvacker-de-stangans-vattenvarld-14-januari-2026-klotet","status":"publish","type":"post","link":"https:\/\/www.europesays.com\/se\/135117\/","title":{"rendered":"S\u00e5\u00a0\u00e5teruppv\u00e4cker de\u00a0St\u00e5ng\u00e5ns\u00a0vattenv\u00e4rld 14 januari 2026 &#8211; Klotet"},"content":{"rendered":"<p>Och det \u00e4r inte bara vandrande laxfisk som gynnas. F\u00e5r man tillbaka hotade arter som flodp\u00e4rlmussla, flodkr\u00e4fta och flodnejon\u00f6ga, s\u00e5 kommer ocks\u00e5 andra arter att trivas b\u00e4ttre. <\/p>\n<p>St\u00e5ng\u00e5n vid Sundsvall \u00e4r cirka tre mil l\u00e5ng och har sitt utlopp i \u00e4lven Ljungan, en \u00e4lv som i sin tur rinner ut i havet. \u00c5n \u00e4r v\u00e4ldigt m\u00e4nniskop\u00e5verkad, men h\u00e4r har Sundsvalls kommun och Sportfiskarna nu tagit ett helhetsgrepp f\u00f6r att \u00e5teruppliva vattenv\u00e4rlden. <\/p>\n<p><strong>I Klotet h\u00f6rs:<\/strong> Sara S\u00e4llstr\u00f6m, vetenskapsreporter, Andreas Karlberg, Sportfiskarna, John Forsell, kraftverks\u00e4gare, Jens L\u00f6fgren, biolog vid Sundsvalls kommun, Karin Olsson, projektledare f\u00f6r naturrestaureringsprojektet Improve Aquatic Life, marinekologen Sofia Wikstr\u00f6m fr\u00e5n Stockholms universitet, kustfiskarna Anders och Dennis Bergman, Erik \u00c5rnfelt, utredare vid Havs- och vattenmyndigheten som jobbar med den svenska nationella restaureringsplanen f\u00f6r vattenmilj\u00f6er.<\/p>\n<p><strong>Programledare: <\/strong>Joacim Lindwall<br \/><strong>Producent: <\/strong>Peter Normark<\/p>\n","protected":false},"excerpt":{"rendered":"Och det \u00e4r inte bara vandrande laxfisk som gynnas. F\u00e5r man tillbaka hotade arter som flodp\u00e4rlmussla, flodkr\u00e4fta och&hellip;\n","protected":false},"author":2,"featured_media":135118,"comment_status":"","ping_status":"","sticky":false,"template":"","format":"standard","meta":{"footnotes":""},"categories":[12],"tags":[595,5556,22,23,13672,2145,26,27,13666,13674,13667,13668,17,13669,21,13671,24,25,28,29,13675,13673,867,13670,15,16,13676,18,34,11368,31,33,32,30,19,20,1314,4412],"class_list":{"0":"post-135117","1":"post","2":"type-post","3":"status-publish","4":"format-standard","5":"has-post-thumbnail","7":"category-sverige","8":"tag-mat","9":"tag-befolkning","10":"tag-breaking-news","11":"tag-breakingnews","12":"tag-camilla-widebeck","13":"tag-energi","14":"tag-featured-news","15":"tag-featurednews","16":"tag-global-uppvrmning","17":"tag-gustaf-klarin","18":"tag-hllbar-utveckling","19":"tag-hav","20":"tag-headlines","21":"tag-hotade-arter","22":"tag-huvudnyheter","23":"tag-johan-bergendorff","24":"tag-latest-news","25":"tag-latestnews","26":"tag-main-news","27":"tag-mainnews","28":"tag-malin-olofsson","29":"tag-marie-louise-kristola","30":"tag-media","31":"tag-miljgift","32":"tag-news","33":"tag-nyheter","34":"tag-per-hyln","35":"tag-rubriker","36":"tag-se","37":"tag-skog","38":"tag-svenska","39":"tag-sverige","40":"tag-sweden","41":"tag-swedish","42":"tag-top-stories","43":"tag-topstories","44":"tag-transport","45":"tag-vatten"},"share_on_mastodon":{"url":"","error":"Validation failed: Text character limit of 500 exceeded"},"_links":{"self":[{"href":"https:\/\/www.europesays.com\/se\/wp-json\/wp\/v2\/posts\/135117","targetHints":{"allow":["GET"]}}],"collection":[{"href":"https:\/\/www.europesays.com\/se\/wp-json\/wp\/v2\/posts"}],"about":[{"href":"https:\/\/www.europesays.com\/se\/wp-json\/wp\/v2\/types\/post"}],"author":[{"embeddable":true,"href":"https:\/\/www.europesays.com\/se\/wp-json\/wp\/v2\/users\/2"}],"replies":[{"embeddable":true,"href":"https:\/\/www.europesays.com\/se\/wp-json\/wp\/v2\/comments?post=135117"}],"version-history":[{"count":0,"href":"https:\/\/www.europesays.com\/se\/wp-json\/wp\/v2\/posts\/135117\/revisions"}],"wp:featuredmedia":[{"embeddable":true,"href":"https:\/\/www.europesays.com\/se\/wp-json\/wp\/v2\/media\/135118"}],"wp:attachment":[{"href":"https:\/\/www.europesays.com\/se\/wp-json\/wp\/v2\/media?parent=135117"}],"wp:term":[{"taxonomy":"category","embeddable":true,"href":"https:\/\/www.europesays.com\/se\/wp-json\/wp\/v2\/categories?post=135117"},{"taxonomy":"post_tag","embeddable":true,"href":"https:\/\/www.europesays.com\/se\/wp-json\/wp\/v2\/tags?post=135117"}],"curies":[{"name":"wp","href":"https:\/\/api.w.org\/{rel}","templated":true}]}}