{"id":135129,"date":"2026-01-14T05:38:48","date_gmt":"2026-01-14T05:38:48","guid":{"rendered":"https:\/\/www.europesays.com\/se\/135129\/"},"modified":"2026-01-14T05:38:48","modified_gmt":"2026-01-14T05:38:48","slug":"kvinna-misstanks-ha-fatt-dodshjalp-tre-gripna-for-drap","status":"publish","type":"post","link":"https:\/\/www.europesays.com\/se\/135129\/","title":{"rendered":"Kvinna misst\u00e4nks ha f\u00e5tt d\u00f6dshj\u00e4lp \u2013 tre gripna f\u00f6r dr\u00e5p"},"content":{"rendered":"<p class=\"sc-c25743f0-0 sc-e37c0145-2 hObFds DQgPn\">Polis larmades p\u00e5 s\u00f6ndagen tillsammans med ambulans till en adress i Djursholm i Danderyds kommun om en avliden kvinna.<\/p>\n<p class=\"sc-c25743f0-0 sc-e37c0145-2 hObFds DQgPn\">V\u00e4l p\u00e5 plats v\u00e4cktes misstankar om brott, och tre personer har gripits misst\u00e4nkta f\u00f6r dr\u00e5p, uppger <a href=\"https:\/\/www.expressen.se\/nyheter\/krim\/drap-utreds-efter-misstankt-dodshjalp-i-djursholm-kvinna-dod\/\" class=\"pcc\" target=\"_blank\" rel=\"noopener noreferrer nofollow\">Expressen<\/a>.<\/p>\n<p class=\"sc-c25743f0-0 sc-e37c0145-2 hObFds DQgPn\">Enligt uppgifter till tidningen handlar det om misst\u00e4nkt d\u00f6dshj\u00e4lp.<\/p>\n<p class=\"sc-c25743f0-0 sc-e37c0145-2 hObFds DQgPn\">Relationen mellan kvinnan och de gripna vill \u00e5klagaren inte kommentera f\u00f6r tidningen, inte heller uppgifterna om d\u00f6dshj\u00e4lp.<\/p>\n<p class=\"sc-c25743f0-0 sc-e37c0145-2 hObFds DQgPn\">Enligt <a href=\"https:\/\/www.sverigesradio.se\/artikel\/tre-anhallna-for-drap-pa-sjuk-kvinna-i-djursholm\" class=\"pcc\" target=\"_blank\" rel=\"noopener noreferrer nofollow\">P4 Stockholm<\/a> var den avlidna kvinna i 60-\u00e5rs\u00e5ldern och ska ha varit sv\u00e5rt sjuk under en l\u00e4ngre tid.<\/p>\n","protected":false},"excerpt":{"rendered":"Polis larmades p\u00e5 s\u00f6ndagen tillsammans med ambulans till en adress i Djursholm i Danderyds kommun om en avliden&hellip;\n","protected":false},"author":2,"featured_media":77179,"comment_status":"","ping_status":"","sticky":false,"template":"","format":"standard","meta":{"footnotes":""},"categories":[12],"tags":[22,23,26,27,17,21,24,25,28,29,15,16,18,34,31,33,32,30,19,20],"class_list":{"0":"post-135129","1":"post","2":"type-post","3":"status-publish","4":"format-standard","5":"has-post-thumbnail","7":"category-sverige","8":"tag-breaking-news","9":"tag-breakingnews","10":"tag-featured-news","11":"tag-featurednews","12":"tag-headlines","13":"tag-huvudnyheter","14":"tag-latest-news","15":"tag-latestnews","16":"tag-main-news","17":"tag-mainnews","18":"tag-news","19":"tag-nyheter","20":"tag-rubriker","21":"tag-se","22":"tag-svenska","23":"tag-sverige","24":"tag-sweden","25":"tag-swedish","26":"tag-top-stories","27":"tag-topstories"},"share_on_mastodon":{"url":"https:\/\/pubeurope.com\/@se\/115891847971236177","error":""},"_links":{"self":[{"href":"https:\/\/www.europesays.com\/se\/wp-json\/wp\/v2\/posts\/135129","targetHints":{"allow":["GET"]}}],"collection":[{"href":"https:\/\/www.europesays.com\/se\/wp-json\/wp\/v2\/posts"}],"about":[{"href":"https:\/\/www.europesays.com\/se\/wp-json\/wp\/v2\/types\/post"}],"author":[{"embeddable":true,"href":"https:\/\/www.europesays.com\/se\/wp-json\/wp\/v2\/users\/2"}],"replies":[{"embeddable":true,"href":"https:\/\/www.europesays.com\/se\/wp-json\/wp\/v2\/comments?post=135129"}],"version-history":[{"count":0,"href":"https:\/\/www.europesays.com\/se\/wp-json\/wp\/v2\/posts\/135129\/revisions"}],"wp:featuredmedia":[{"embeddable":true,"href":"https:\/\/www.europesays.com\/se\/wp-json\/wp\/v2\/media\/77179"}],"wp:attachment":[{"href":"https:\/\/www.europesays.com\/se\/wp-json\/wp\/v2\/media?parent=135129"}],"wp:term":[{"taxonomy":"category","embeddable":true,"href":"https:\/\/www.europesays.com\/se\/wp-json\/wp\/v2\/categories?post=135129"},{"taxonomy":"post_tag","embeddable":true,"href":"https:\/\/www.europesays.com\/se\/wp-json\/wp\/v2\/tags?post=135129"}],"curies":[{"name":"wp","href":"https:\/\/api.w.org\/{rel}","templated":true}]}}