{"id":135130,"date":"2026-01-14T05:42:07","date_gmt":"2026-01-14T05:42:07","guid":{"rendered":"https:\/\/www.europesays.com\/se\/135130\/"},"modified":"2026-01-14T05:42:07","modified_gmt":"2026-01-14T05:42:07","slug":"bianca-ingrosso-visar-upp-vip-rummet-pa-arlanda","status":"publish","type":"post","link":"https:\/\/www.europesays.com\/se\/135130\/","title":{"rendered":"Bianca Ingrosso visar upp vip-rummet p\u00e5 Arlanda"},"content":{"rendered":"<p>Publicerad 14 jan 2026 kl 06.30<\/p>\n<p>Bianca Ingrosso reser en hel del.\u00a0<\/p>\n<p>Och p\u00e5 Arlanda sl\u00e5r entrepren\u00f6ren till p\u00e5 riktig lyx.\u00a0<\/p>\n<p>I en ny <a href=\"https:\/\/www.youtube.com\/watch?v=7Ncw0R7hq1c\" rel=\"nofollow noopener\" target=\"_blank\">vlogg<\/a> visar hon upp ett av vip-rummen p\u00e5 Arlanda.\u00a0<\/p>\n<p><img   alt=\"\"\/><\/p>\n<p>Bianca Ingrosso visar upp badrummet i vip-rummet.<\/p>\n<p>Foto: Youtube<\/p>\n<p>\u00d6ppna bild i helsk\u00e4rm<img loading=\"lazy\"   alt=\"\"\/><\/p>\n<p>De tas sen direkt in i flygplanet med en bil.<\/p>\n<p>Foto: Yotube<\/p>\n<p>\u00d6ppna bild i helsk\u00e4rm<img loading=\"lazy\"   alt=\"\"\/><\/p>\n<p>Bianca Ingrosso p\u00e5 v\u00e4g till flygplatsen.<\/p>\n<p>Foto: Youtube<\/p>\n<p>\u00d6ppna bild i helsk\u00e4rm<\/p>\n<p><a href=\"https:\/\/www.expressen.se\/tagg\/person\/bianca-ingrosso\/\" class=\"\" rel=\"nofollow noopener\" target=\"_blank\">Bianca Ingrosso<\/a>, 31, befinner sig i Thailand och i en ny vlogg l\u00e5ter hon tittarna f\u00f6lja med p\u00e5 resan.\u00a0<\/p>\n<p>Redan under b\u00f6rjan av resan, p\u00e5 v\u00e4g till Arlanda lyxar hon till det.\u00a0<\/p>\n<p>\u2013 N\u00e4r vi kommer in s\u00e5 kommer det st\u00e5 tv\u00e5 kvinnor d\u00e4r, s\u00e5 kommer det vara en r\u00f6d matta, ber\u00e4ttar Bianca Ingrosso i bilen p\u00e5 v\u00e4g till flygplatsen.\u00a0<\/p>\n<p>I st\u00e4llet f\u00f6r att checka in och bege sig till gaten, som de flesta g\u00f6r, tar hon in p\u00e5 ett av vip-rummen p\u00e5 Arlanda.\u00a0<\/p>\n<p>\u2013 Det h\u00e4r \u00e4r det b\u00e4sta jag vet. Det h\u00e4r \u00e4r det rummet som jag ofta f\u00e5r, s\u00e4ger Ingrosso och visar upp rummet.\u00a0<\/p>\n<p>Caia-grundaren ber\u00e4ttar att det alltid bjuds p\u00e5 macarons, te, chips, n\u00f6tter, kaffe, l\u00e4sk och dryck.\u00a0<\/p>\n<p>\u2013\u00a0Det h\u00e4r \u00e4r f\u00f6r politiker och de som reser v\u00e4ldigt, v\u00e4ldigt ofta. Det \u00e4r v\u00e4ldigt bekv\u00e4mt. Det tar en sekund och man beh\u00f6ver inte leta efter gaten, man beh\u00f6ver inte checka in. Det enda man beh\u00f6ver g\u00f6ra \u00e4r att ta fram sitt pass.\u00a0<\/p>\n<p>\u201dF\u00f6r att minimera stress, d\u00e5 \u00e4r allt v\u00e4rt\u201d<\/p>\n<p>Rummet har \u00e4ven ett badrum med en stor dusch.\u00a0<\/p>\n<p>\u2013 Sen kommer en j\u00e4ttefin bil och h\u00e4mtar en till flygplatsen.\u00a0<\/p>\n<p>\u2013 Man beh\u00f6ver inte ens h\u00e5lla koll p\u00e5 n\u00e4r planet g\u00e5r utan de kommer och ger en boardingkortet.\u00a0<\/p>\n<p>Bianca Ingrosso har bokat rummet flera g\u00e5nger.\u00a0<\/p>\n<p>\u2013 F\u00f6r att minimera stress, d\u00e5 \u00e4r allt v\u00e4rt, s\u00e4ger hon i vloggen.\u00a0<\/p>\n<p><img loading=\"lazy\"   alt=\"\"\/><\/p>\n<p>Rummet anv\u00e4nds ofta av politiker, s\u00e4ger Ingrosso.<\/p>\n<p>Foto: Youtube<\/p>\n<p>\u00d6ppna bild i helsk\u00e4rm<\/p>\n","protected":false},"excerpt":{"rendered":"Publicerad 14 jan 2026 kl 06.30 Bianca Ingrosso reser en hel del.\u00a0 Och p\u00e5 Arlanda sl\u00e5r entrepren\u00f6ren till&hellip;\n","protected":false},"author":2,"featured_media":135131,"comment_status":"","ping_status":"","sticky":false,"template":"","format":"standard","meta":{"footnotes":""},"categories":[67],"tags":[104,107,207,580,34,31,33,32,30,310,105],"class_list":{"0":"post-135130","1":"post","2":"type-post","3":"status-publish","4":"format-standard","5":"has-post-thumbnail","7":"category-underhallning","8":"tag-entertainment","9":"tag-location-arlanda","10":"tag-location-thailand","11":"tag-person-bianca-ingrosso","12":"tag-se","13":"tag-svenska","14":"tag-sverige","15":"tag-sweden","16":"tag-swedish","17":"tag-topic-kandisar","18":"tag-underhallning"},"share_on_mastodon":{"url":"https:\/\/pubeurope.com\/@se\/115891859848621595","error":""},"_links":{"self":[{"href":"https:\/\/www.europesays.com\/se\/wp-json\/wp\/v2\/posts\/135130","targetHints":{"allow":["GET"]}}],"collection":[{"href":"https:\/\/www.europesays.com\/se\/wp-json\/wp\/v2\/posts"}],"about":[{"href":"https:\/\/www.europesays.com\/se\/wp-json\/wp\/v2\/types\/post"}],"author":[{"embeddable":true,"href":"https:\/\/www.europesays.com\/se\/wp-json\/wp\/v2\/users\/2"}],"replies":[{"embeddable":true,"href":"https:\/\/www.europesays.com\/se\/wp-json\/wp\/v2\/comments?post=135130"}],"version-history":[{"count":0,"href":"https:\/\/www.europesays.com\/se\/wp-json\/wp\/v2\/posts\/135130\/revisions"}],"wp:featuredmedia":[{"embeddable":true,"href":"https:\/\/www.europesays.com\/se\/wp-json\/wp\/v2\/media\/135131"}],"wp:attachment":[{"href":"https:\/\/www.europesays.com\/se\/wp-json\/wp\/v2\/media?parent=135130"}],"wp:term":[{"taxonomy":"category","embeddable":true,"href":"https:\/\/www.europesays.com\/se\/wp-json\/wp\/v2\/categories?post=135130"},{"taxonomy":"post_tag","embeddable":true,"href":"https:\/\/www.europesays.com\/se\/wp-json\/wp\/v2\/tags?post=135130"}],"curies":[{"name":"wp","href":"https:\/\/api.w.org\/{rel}","templated":true}]}}