{"id":135134,"date":"2026-01-14T05:50:17","date_gmt":"2026-01-14T05:50:17","guid":{"rendered":"https:\/\/www.europesays.com\/se\/135134\/"},"modified":"2026-01-14T05:50:17","modified_gmt":"2026-01-14T05:50:17","slug":"folket-reser-sig-mot-trumps-lojala-soldater","status":"publish","type":"post","link":"https:\/\/www.europesays.com\/se\/135134\/","title":{"rendered":"Folket reser sig mot Trumps lojala soldater"},"content":{"rendered":"<p>Publicerad 14 jan 2026 kl 05.00<\/p>\n<p>I det m\u00f6rker som blivit amerikansk politik sprakar pl\u00f6tsligt n\u00e5gra ljuspunkter.<\/p>\n<p>Kristin Lundell k\u00e4nner sig p\u00e5nyttf\u00f6dd av folkets motst\u00e5nd i Minneapolis.\u00a0<\/p>\n<p><img   alt=\"\"\/><\/p>\n<p>Protester mot Donald Trumps migrationspolis ICE.<\/p>\n<p>Foto: DAVID GOODHUE\/TCA\/STELLA PICTURE<\/p>\n<p>\u00d6ppna bild i helsk\u00e4rm<\/p>\n<p><strong>KOMMENTAR<\/strong>. Det var i fl\u00f6det med videor fr\u00e5n protesterna i Minneapolis som ett fluffigt kameldjur pl\u00f6tsligt d\u00f6k upp:<strong> Caesar,<\/strong> till vardags terapilama i Oregon, hade gjort den l\u00e5nga resan \u00f6sterut f\u00f6r att delta i demonstrationerna mot ICE. Han \u00e4r lite av en k\u00e4ndis \u2013 hans artistnamn \u00e4r \u201dThe no drama llama\u201d \u2013 och motst\u00e5ndarsidan skulle s\u00e4kert inte tveka inf\u00f6r att avf\u00e4rda honom som proffsaktivist. Det \u00e4r inte f\u00f6rsta g\u00e5ngen som Caesar dyker upp i demonstrationst\u00e5g, han brukar vara d\u00e4r f\u00f6r att skapa lugn. F\u00f6r vem vill starta br\u00e5k n\u00e4r en lama \u00e4r i n\u00e4rheten? I ett <a href=\"https:\/\/www.expressen.se\/tagg\/location\/usa\/\" class=\"\" rel=\"nofollow noopener\" target=\"_blank\">USA<\/a> d\u00e4r anst\u00e4ndighetens gr\u00e4ns st\u00e4ndigt flyttas fram en meter eller tv\u00e5 blir Caesar en symbol f\u00f6r besinning.\u00a0<\/p>\n<p>Andra videor fr\u00e5n helgen visar hur ett t\u00e5g med demonstranter marscherar runt hotellet d\u00e4r ICE-agenterna checkat in f\u00f6r en god natts s\u00f6mn. Eller ja, s\u00e5 mycket s\u00f6mn blev det nog inte eftersom t\u00e5get var en vilt hopsatt orkester d\u00e4r ingen verkade spela samma l\u00e5t. Den totala kakofonin blev till ljuv musik.\u00a0<\/p>\n<p>Folkets motst\u00e5nd \u2013 finns det n\u00e5got vackrare? \u00a0<\/p>\n<p><img loading=\"lazy\"   alt=\"\"\/><\/p>\n<p>Caesar \u201dthe no drama llama\u201d, tillsammans med sin \u00e4gare Larry McCool under en demonstration i Portland.<\/p>\n<p>Foto: John Rudoff \/ TT NYHETSBYR\u00c5N<\/p>\n<p>\u00d6ppna bild i helsk\u00e4rm<\/p>\n<p>Jag ser filmerna fr\u00e5n orkesterdemonstrationen och k\u00e4nner pl\u00f6sligt framtidshoppet i mig. Det \u00e4r ett bepr\u00f6vat grepp att dra ner byxorna p\u00e5 makten med humor. H\u00e4r kommer de inhemska terroristerna bev\u00e4pnade med fl\u00f6jt! Skicka nationalgardet nu! Trump-administrationens lojala soldater \u2013 med <strong>Kristi Noem<\/strong>, ministern f\u00f6r inrikes s\u00e4kerhet, i frontlinjen \u2013 har gjort sitt yttersta f\u00f6r att str\u00e5la i l\u00f6jets skimmer den senaste veckan.\u00a0<\/p>\n<p>Kraften som man f\u00e5r av att se motst\u00e5ndet resa sig \u00e4r v\u00e4lbeh\u00f6vlig. Att h\u00e5lla god min \u00e4r f\u00f6r de ryggradsl\u00f6sa. Under s\u00f6ndagens Golden Globe levererades protester av stj\u00e4rnor som <strong>Robert de Niro <\/strong>och <strong>Mark Ruffalo<\/strong> och d\u00e5 har galas\u00e4songen bara b\u00f6rjat. Det blir svettiga tider f\u00f6r producenterna i kontrollrummen fram\u00f6ver.\u00a0<\/p>\n<p>F\u00f6r inga ljud \u00e4r s\u00e5 f\u00f6rl\u00f6sande som n\u00e4r en obekv\u00e4m tystnad bryts och hela det unkna rummet fylls av luft. Man vill rusa mot barrikaderna. Det \u00e4r en l\u00e4xa f\u00f6r oss alla att ta med in i 2026: Passa p\u00e5 och tuta i en Trump-et i dag, i morgon kan det vara f\u00f6rbjudet.\u00a0<\/p>\n<p>Kristin Lundell \u00e4r redakt\u00f6r och skribent p\u00e5 Expressens kultursida.<\/p>\n","protected":false},"excerpt":{"rendered":"Publicerad 14 jan 2026 kl 05.00 I det m\u00f6rker som blivit amerikansk politik sprakar pl\u00f6tsligt n\u00e5gra ljuspunkter. Kristin&hellip;\n","protected":false},"author":2,"featured_media":135135,"comment_status":"","ping_status":"","sticky":false,"template":"","format":"standard","meta":{"footnotes":""},"categories":[67],"tags":[104,2026,45,198,913,11447,13678,13677,34,31,33,32,30,105],"class_list":{"0":"post-135134","1":"post","2":"type-post","3":"status-publish","4":"format-standard","5":"has-post-thumbnail","7":"category-underhallning","8":"tag-entertainment","9":"tag-location-minneapolis","10":"tag-location-usa","11":"tag-person-donald-trump","12":"tag-person-donald-trumps-administration","13":"tag-person-kristi-noem","14":"tag-person-kristin-lundell","15":"tag-person-robert-de-niro","16":"tag-se","17":"tag-svenska","18":"tag-sverige","19":"tag-sweden","20":"tag-swedish","21":"tag-underhallning"},"share_on_mastodon":{"url":"https:\/\/pubeurope.com\/@se\/115891891275745912","error":""},"_links":{"self":[{"href":"https:\/\/www.europesays.com\/se\/wp-json\/wp\/v2\/posts\/135134","targetHints":{"allow":["GET"]}}],"collection":[{"href":"https:\/\/www.europesays.com\/se\/wp-json\/wp\/v2\/posts"}],"about":[{"href":"https:\/\/www.europesays.com\/se\/wp-json\/wp\/v2\/types\/post"}],"author":[{"embeddable":true,"href":"https:\/\/www.europesays.com\/se\/wp-json\/wp\/v2\/users\/2"}],"replies":[{"embeddable":true,"href":"https:\/\/www.europesays.com\/se\/wp-json\/wp\/v2\/comments?post=135134"}],"version-history":[{"count":0,"href":"https:\/\/www.europesays.com\/se\/wp-json\/wp\/v2\/posts\/135134\/revisions"}],"wp:featuredmedia":[{"embeddable":true,"href":"https:\/\/www.europesays.com\/se\/wp-json\/wp\/v2\/media\/135135"}],"wp:attachment":[{"href":"https:\/\/www.europesays.com\/se\/wp-json\/wp\/v2\/media?parent=135134"}],"wp:term":[{"taxonomy":"category","embeddable":true,"href":"https:\/\/www.europesays.com\/se\/wp-json\/wp\/v2\/categories?post=135134"},{"taxonomy":"post_tag","embeddable":true,"href":"https:\/\/www.europesays.com\/se\/wp-json\/wp\/v2\/tags?post=135134"}],"curies":[{"name":"wp","href":"https:\/\/api.w.org\/{rel}","templated":true}]}}