{"id":135138,"date":"2026-01-14T05:53:07","date_gmt":"2026-01-14T05:53:07","guid":{"rendered":"https:\/\/www.europesays.com\/se\/135138\/"},"modified":"2026-01-14T05:53:07","modified_gmt":"2026-01-14T05:53:07","slug":"ny-katastrofsiffra-for-l-i-opinionen-far-18-procent","status":"publish","type":"post","link":"https:\/\/www.europesays.com\/se\/135138\/","title":{"rendered":"Ny katastrofsiffra f\u00f6r L i opinionen \u2013 f\u00e5r 1,8 procent"},"content":{"rendered":"<p><a class=\"wing-tag\" href=\"https:\/\/www.expressen.se\/om\/val-2026\/\" rel=\"nofollow noopener\" target=\"_blank\">Val 2026<\/a><\/p>\n<p>Publicerad 14 jan 2026 kl 06.09Uppdaterad kl 06.17<\/p>\n<p>Ny katastrofsiffra f\u00f6r Liberalerna.<\/p>\n<p>I <a href=\"https:\/\/www.svt.se\/nyheter\/inrikes\/svtverian-l-far-18-procent-samsta-siffran-nagonsin\" rel=\"nofollow noopener\" target=\"_blank\">SVT\/Verians<\/a> m\u00e4tning f\u00e5r partiet 1,8 procent \u2013 nytt bottenrekord.<\/p>\n<p>\u2013 Niv\u00e5n \u00e4r orov\u00e4ckande, s\u00e4ger Per S\u00f6derpalm p\u00e5 Verian.<\/p>\n<p>Beskedet i regeringsfr\u00e5gan pekas ut som en anledning till det sviktande v\u00e4ljarst\u00f6det.<img loading=\"lazy\"   alt=\"\"\/><\/p>\n<p>Partiledaren Simona Mohamsson.<\/p>\n<p>Foto: HANNA BRUNL\u00d6F<\/p>\n<p>\u00d6ppna bild i helsk\u00e4rm<img loading=\"lazy\"   alt=\"\"\/><\/p>\n<p>Liberalerna f\u00e5r en ny bottensiffra.<\/p>\n<p>Foto: FREDRIK KARLSSON<\/p>\n<p>\u00d6ppna bild i helsk\u00e4rm<\/p>\n<p><a href=\"https:\/\/www.expressen.se\/tagg\/organization\/liberalerna\/\" class=\"\" rel=\"nofollow noopener\" target=\"_blank\">Liberalerna<\/a> har l\u00e4nge legat en bra bit under riksdagssp\u00e4rren i m\u00e4tningarna.<\/p>\n<p>S\u00e5 sent som i november slog partiet bottenrekord i <a href=\"https:\/\/www.svt.se\/nyheter\/inrikes\/svtverian-liberalerna-far-lagsta-resultatet-sedan-1967\" rel=\"nofollow noopener\" target=\"_blank\">SVT\/Verians opinionsm\u00e4tning<\/a> med 2,2 procent.<\/p>\n<p>Nu ser l\u00e4get ut att ha f\u00f6rv\u00e4rrats ytterligare. F\u00f6r f\u00f6rsta g\u00e5ngen hamnar Liberalerna under tv\u00e5 procent.<\/p>\n<p>N\u00e4r valr\u00f6relsen kommer i g\u00e5ng kan det inneb\u00e4ra fler m\u00f6jligheter f\u00f6r ett litet parti att synas. Men partiets problem \u00e4r flera, konstaterar Per S\u00f6derpalm, opinionsansvarig p\u00e5 Verian som gjort m\u00e4tningen f\u00f6r SVT.<\/p>\n<p>\u2013 De har en partiledare som \u00e4r ganska ny och som har l\u00e5gt f\u00f6rtroende. Och de har en position i regeringsfr\u00e5gan som g\u00f6r att de har sv\u00e5rt att attrahera v\u00e4ljare b\u00e5de fr\u00e5n regeringen och oppositionspartierna.<\/p>\n<p>Etablerat sig p\u00e5 l\u00e4gre niv\u00e5<\/p>\n<p>Liberalerna har l\u00e4nge pl\u00e5gats av fr\u00e5gan om hur n\u00e4ra samarbete de kan ha med Sverigedemokraterna. I h\u00f6stas kom beskedet att de vill se en ny Tid\u00f6regering, men inga SD-ministrar trots att det \u00e4r Jimmie \u00c5kessons absoluta krav f\u00f6r att ge sitt st\u00f6d.<\/p>\n<p>Det kan g\u00f6ra det sv\u00e5rare f\u00f6r Liberalerna att locka de st\u00f6dr\u00f6ster som partiet traditionellt har varit beroende av.<\/p>\n<p>\u2013 Det \u00e4r klart att det g\u00e5r n\u00e5gon sm\u00e4rtgr\u00e4ns ned\u00e5t n\u00e4r v\u00e4ljarna inte k\u00e4nner att det \u00e4r m\u00f6jligt, d\u00e5 kanske man snarare l\u00e4mnar partiet f\u00f6r att s\u00e4kerst\u00e4lla att ens r\u00f6st verkligen r\u00e4knas, s\u00e4ger Per S\u00f6derpalm.<\/p>\n<p>F\u00f6r\u00e4ndringen j\u00e4mf\u00f6rt med november \u00e4r inte statistiskt s\u00e4kerst\u00e4lld.<\/p>\n<p>\u2013 Men nu kommer f\u00f6rsta m\u00e4tningen under tv\u00e5 procent. Det \u00e4r tydligt att man har etablerat sig p\u00e5 en l\u00e4gre niv\u00e5 det sista \u00e5ret och i princip m\u00e5ste dubblera sina r\u00f6ster, s\u00e4ger Per S\u00f6derpalm.<\/p>\n<p>Oppositionens \u00f6vertag<\/p>\n<p>Oppositionen har i SVT:s m\u00e4tning fortfarande en tydlig ledning med 53,1 procent mot Tid\u00f6partiernas 44,8.<\/p>\n<p>Sverigedemokraterna ligger stabilt p\u00e5 21,3 procent. Det \u00e4r bara dryga tv\u00e5 procent l\u00e4gre \u00e4n alla de andra tre Tid\u00f6partierna tillsammans.<\/p>\n<p>\u2013 En spaning \u00e4r att SD \u00e4r lite mindre beroende av att deras fr\u00e5gor st\u00e5r i fokus. De tuffar \u00e4nd\u00e5 p\u00e5 ganska bra i opinionen, s\u00e4ger Per S\u00f6derpalm.<\/p>\n<p>S\u00e5 stort st\u00f6d har partierna<\/p>\n<p>F\u00f6r\u00e4ndringen j\u00e4mf\u00f6rt med m\u00e4tningen i december inom parentes.<\/p>\n<p>S: 33,8 procent (-0,9)<\/p>\n<p>V: 7,2 procent (+0,4)<\/p>\n<p>C: 5,5 procent (+0,8)<\/p>\n<p>MP: 6,6 procent (+0,5)<\/p>\n<p>SD: 21,3 procent (+0,9)<\/p>\n<p>M: 17,5 procent (+0,2)<\/p>\n<p>KD: 4,3 procent (-0,7)<\/p>\n<p>L: 1,8 procent (-0,5)<\/p>\n<p>\u00d6vriga: 2 procent (-0,6)<\/p>\n<p>Tid\u00f6partierna (M, KD, L och SD): 44,8 procent (-0,3)<\/p>\n<p>Oppositionen (S, V, C och MP): 53,1 procent (+0,8)<\/p>\n<p>Visa merOm m\u00e4tningen<\/p>\n<p>Opinionsm\u00e4tningen \u00e4r gjord av Verian f\u00f6r SVT under perioden 29 december till 11 januari och baseras p\u00e5 3 000 intervjuer.<\/p>\n<p>Metoden som anv\u00e4nds \u00e4r en webbaserad enk\u00e4t och telefonintervjuer.<\/p>\n<p>Visa mer<\/p>\n","protected":false},"excerpt":{"rendered":"Val 2026 Publicerad 14 jan 2026 kl 06.09Uppdaterad kl 06.17 Ny katastrofsiffra f\u00f6r Liberalerna. I SVT\/Verians m\u00e4tning f\u00e5r&hellip;\n","protected":false},"author":2,"featured_media":135139,"comment_status":"","ping_status":"","sticky":false,"template":"","format":"standard","meta":{"footnotes":""},"categories":[14],"tags":[22,23,26,27,17,21,24,25,28,29,15,3464,16,618,650,18,34,583,31,33,32,30,19,486,20,51,52,53,54],"class_list":{"0":"post-135138","1":"post","2":"type-post","3":"status-publish","4":"format-standard","5":"has-post-thumbnail","7":"category-varlden","8":"tag-breaking-news","9":"tag-breakingnews","10":"tag-featured-news","11":"tag-featurednews","12":"tag-headlines","13":"tag-huvudnyheter","14":"tag-latest-news","15":"tag-latestnews","16":"tag-main-news","17":"tag-mainnews","18":"tag-news","19":"tag-newsstory-val-2026","20":"tag-nyheter","21":"tag-organization-liberalerna","22":"tag-person-simona-mohamsson","23":"tag-rubriker","24":"tag-se","25":"tag-sections-politik","26":"tag-svenska","27":"tag-sverige","28":"tag-sweden","29":"tag-swedish","30":"tag-top-stories","31":"tag-topic-opinionsmatningar","32":"tag-topstories","33":"tag-varlden","34":"tag-world","35":"tag-world-news","36":"tag-worldnews"},"share_on_mastodon":{"url":"https:\/\/pubeurope.com\/@se\/115891903075296182","error":""},"_links":{"self":[{"href":"https:\/\/www.europesays.com\/se\/wp-json\/wp\/v2\/posts\/135138","targetHints":{"allow":["GET"]}}],"collection":[{"href":"https:\/\/www.europesays.com\/se\/wp-json\/wp\/v2\/posts"}],"about":[{"href":"https:\/\/www.europesays.com\/se\/wp-json\/wp\/v2\/types\/post"}],"author":[{"embeddable":true,"href":"https:\/\/www.europesays.com\/se\/wp-json\/wp\/v2\/users\/2"}],"replies":[{"embeddable":true,"href":"https:\/\/www.europesays.com\/se\/wp-json\/wp\/v2\/comments?post=135138"}],"version-history":[{"count":0,"href":"https:\/\/www.europesays.com\/se\/wp-json\/wp\/v2\/posts\/135138\/revisions"}],"wp:featuredmedia":[{"embeddable":true,"href":"https:\/\/www.europesays.com\/se\/wp-json\/wp\/v2\/media\/135139"}],"wp:attachment":[{"href":"https:\/\/www.europesays.com\/se\/wp-json\/wp\/v2\/media?parent=135138"}],"wp:term":[{"taxonomy":"category","embeddable":true,"href":"https:\/\/www.europesays.com\/se\/wp-json\/wp\/v2\/categories?post=135138"},{"taxonomy":"post_tag","embeddable":true,"href":"https:\/\/www.europesays.com\/se\/wp-json\/wp\/v2\/tags?post=135138"}],"curies":[{"name":"wp","href":"https:\/\/api.w.org\/{rel}","templated":true}]}}