{"id":135146,"date":"2026-01-14T06:02:11","date_gmt":"2026-01-14T06:02:11","guid":{"rendered":"https:\/\/www.europesays.com\/se\/135146\/"},"modified":"2026-01-14T06:02:11","modified_gmt":"2026-01-14T06:02:11","slug":"usa-vill-beslagta-fler-venezuela-kopplade-tankfartyg","status":"publish","type":"post","link":"https:\/\/www.europesays.com\/se\/135146\/","title":{"rendered":"USA vill beslagta fler Venezuela-kopplade tankfartyg"},"content":{"rendered":"<p>Det rapporterar Reuters, med h\u00e4nvisning till fyra k\u00e4llor med insyn. \u00c5tg\u00e4rderna \u00e4r en del av Washingtons f\u00f6rs\u00f6k att bef\u00e4sta kontrollen \u00f6ver oljeexporten till och fr\u00e5n landet.<\/p>\n<p><strong>Under de senaste<\/strong> veckorna har USA:s milit\u00e4r och kustbevakning beslagtagit fem fartyg i internationellt vatten som transporterade, eller tidigare har transporterat, venezuelansk olja.\u00a0<\/p>\n<p>USA har nu l\u00e4mnat in flera civilr\u00e4ttsliga f\u00f6rverkande\u00e4renden i distriktsdomstolar, fr\u00e4mst i Washington DC, vilket ger r\u00e4ttsligt st\u00f6d f\u00f6r att beslagta b\u00e5de fartyg och oljelaster, uppger k\u00e4llorna till Reuters. Antalet ans\u00f6kningar och hur m\u00e5nga som redan har beviljats \u00e4r oklart, d\u00e5 handlingarna inte \u00e4r offentliga. Enligt k\u00e4llorna r\u00f6r det sig om flera dussin fall.<\/p>\n<p>De fartyg som redan har bordats tillh\u00f6r antingen USA-sanktionerade akt\u00f6rer eller den s\u00e5 kallade skuggflottan, oreglerade fartyg som d\u00f6ljer sitt ursprung f\u00f6r att transportera olja fr\u00e5n sanktionerade l\u00e4nder som Venezuela, Iran och Ryssland.\u00a0<\/p>\n<p><strong>Samtidigt finns fortsatt<\/strong> ett stort antal tankfartyg till havs med venezuelansk r\u00e5olja, fr\u00e4mst med Kina som slutdestination. USA har sanktionerat m\u00e5nga av dessa fartyg.<\/p>\n<p>USA har tillf\u00e4lligt pausat nya beslag sedan i fredags, men insatserna kan \u00e5terupptas mot fartyg och laster som saknar amerikanskt godk\u00e4nnande.<\/p>\n<p>\u201dF\u00f6rsvarsdepartementet kommer att lokalisera och stoppa alla skuggfartyg som transporterar venezuelansk olja, vid en tidpunkt och plats som vi sj\u00e4lva v\u00e4ljer\u201d, sade Pentagons talesperson Sean Parnell p\u00e5 X.<\/p>\n","protected":false},"excerpt":{"rendered":"Det rapporterar Reuters, med h\u00e4nvisning till fyra k\u00e4llor med insyn. \u00c5tg\u00e4rderna \u00e4r en del av Washingtons f\u00f6rs\u00f6k att&hellip;\n","protected":false},"author":2,"featured_media":135147,"comment_status":"","ping_status":"","sticky":false,"template":"","format":"standard","meta":{"footnotes":""},"categories":[14],"tags":[22,23,26,27,17,21,24,25,28,29,15,16,18,34,31,33,32,30,19,20,51,52,53,54],"class_list":{"0":"post-135146","1":"post","2":"type-post","3":"status-publish","4":"format-standard","5":"has-post-thumbnail","7":"category-varlden","8":"tag-breaking-news","9":"tag-breakingnews","10":"tag-featured-news","11":"tag-featurednews","12":"tag-headlines","13":"tag-huvudnyheter","14":"tag-latest-news","15":"tag-latestnews","16":"tag-main-news","17":"tag-mainnews","18":"tag-news","19":"tag-nyheter","20":"tag-rubriker","21":"tag-se","22":"tag-svenska","23":"tag-sverige","24":"tag-sweden","25":"tag-swedish","26":"tag-top-stories","27":"tag-topstories","28":"tag-varlden","29":"tag-world","30":"tag-world-news","31":"tag-worldnews"},"share_on_mastodon":{"url":"https:\/\/pubeurope.com\/@se\/115891938414912162","error":""},"_links":{"self":[{"href":"https:\/\/www.europesays.com\/se\/wp-json\/wp\/v2\/posts\/135146","targetHints":{"allow":["GET"]}}],"collection":[{"href":"https:\/\/www.europesays.com\/se\/wp-json\/wp\/v2\/posts"}],"about":[{"href":"https:\/\/www.europesays.com\/se\/wp-json\/wp\/v2\/types\/post"}],"author":[{"embeddable":true,"href":"https:\/\/www.europesays.com\/se\/wp-json\/wp\/v2\/users\/2"}],"replies":[{"embeddable":true,"href":"https:\/\/www.europesays.com\/se\/wp-json\/wp\/v2\/comments?post=135146"}],"version-history":[{"count":0,"href":"https:\/\/www.europesays.com\/se\/wp-json\/wp\/v2\/posts\/135146\/revisions"}],"wp:featuredmedia":[{"embeddable":true,"href":"https:\/\/www.europesays.com\/se\/wp-json\/wp\/v2\/media\/135147"}],"wp:attachment":[{"href":"https:\/\/www.europesays.com\/se\/wp-json\/wp\/v2\/media?parent=135146"}],"wp:term":[{"taxonomy":"category","embeddable":true,"href":"https:\/\/www.europesays.com\/se\/wp-json\/wp\/v2\/categories?post=135146"},{"taxonomy":"post_tag","embeddable":true,"href":"https:\/\/www.europesays.com\/se\/wp-json\/wp\/v2\/tags?post=135146"}],"curies":[{"name":"wp","href":"https:\/\/api.w.org\/{rel}","templated":true}]}}