{"id":135150,"date":"2026-01-14T06:19:12","date_gmt":"2026-01-14T06:19:12","guid":{"rendered":"https:\/\/www.europesays.com\/se\/135150\/"},"modified":"2026-01-14T06:19:12","modified_gmt":"2026-01-14T06:19:12","slug":"abdoulie-mannehs-overgang-till-birmingham-kollapsar","status":"publish","type":"post","link":"https:\/\/www.europesays.com\/se\/135150\/","title":{"rendered":"Abdoulie Mannehs \u00f6verg\u00e5ng till Birmingham kollapsar"},"content":{"rendered":"<p><strong>Abdoulie Manneh var p\u00e5 v\u00e4g till Birmingham f\u00f6r att genomg\u00e5 l\u00e4karunders\u00f6kning. <br \/>N\u00e5gon transfer till Championship-klubben kommer det dock inte bli. <br \/>Detta d\u00e5 aff\u00e4ren har kollapsat, enligt Football League World. <\/strong><br \/><strong>\u2013 Jag har inga kommentarer i detta l\u00e4ge, s\u00e4ger Mj\u00e4llbys sportchef Hasse Larsson till FD.<\/strong><\/p>\n<p><img loading=\"lazy\" decoding=\"async\" width=\"1024\" height=\"576\" src=\"https:\/\/www.europesays.com\/se\/wp-content\/uploads\/2026\/01\/manneh_out-1024x576.jpg\" alt=\"\" class=\"wp-image-358653\"  \/>Foto: Bildbyr\u00e5n<\/p>\n<p>S\u00e5 sent som i g\u00e5r, m\u00e5ndag, kunde FotbollDirekt rapportera att Mj\u00e4llby-stj\u00e4rnan <a href=\"https:\/\/fotbolldirekt.se\/spelare\/abdoulie-manneh\/\" rel=\"nofollow noopener\" target=\"_blank\">Abdoulie Manneh<\/a> skulle <a href=\"https:\/\/fotbolldirekt.se\/silly-season\/avslojar-mjallby-stjarnan-genomgar-lakarundersokning\/\" rel=\"nofollow noopener\" target=\"_blank\">l\u00e4karunders\u00f6kas av Birmingham City<\/a> f\u00f6r att sedan <strong>genomf\u00f6ra en \u00f6verg\u00e5ng till Championship-klubben<\/strong>. <\/p>\n<p>B\u00e5da klubbarna ska ha varit <strong>muntligen \u00f6verens<\/strong> och <strong>endast detaljer kvarstod<\/strong> innan en transfer var rodd i hamn. <\/p>\n<p>Vill inte uttala innan vi har alla fakta.<\/p>\n<p>Nu har den spruckit. <\/p>\n<p>Enligt brittiska Football League World har <strong>f\u00f6rhandlingarna pl\u00f6tsligt kollapsat<\/strong> och det st\u00e5r inte klart om det beror p\u00e5 Manneh sj\u00e4lv, <a href=\"https:\/\/fotbolldirekt.se\/klubb\/mjallby-aif\/\" rel=\"nofollow noopener\" target=\"_blank\">Mj\u00e4llby<\/a> eller transfersumma. <\/p>\n<p>Skulle inte en helomv\u00e4ndning \u00e4ga rum <strong>kommer det inte att bli n\u00e5gon flytt till Birmingham f\u00f6r gambiern<\/strong>. Just nu \u00e4r den \u00e5tminstone avskriven. <\/p>\n<p>Det \u00e4r heller inte den f\u00f6rsta g\u00e5ngen som en transfer kollapsar f\u00f6r Manneh. Det gjorde den \u00e4ven i somras n\u00e4r han var p\u00e5 plats i Grekland <a href=\"https:\/\/fotbolldirekt.se\/allsvenskan\/mjallbys-besked-darfor-sprack-manneh-affaren\/\" rel=\"nofollow noopener\" target=\"_blank\">f\u00f6r att skriva p\u00e5 f\u00f6r Olympiakos<\/a>. <\/p>\n<p>N\u00e4r FotbollDirekt fr\u00e5gar Mj\u00e4llbys sportchef Hasse Larsson vill han inte uttala sig om uppgifterna.<\/p>\n<p>\u2013 Nej, det vill jag tyv\u00e4rr inte (uttala sig) innan vi har alla fakta. Nej, jag har inga kommentarer i detta l\u00e4ge, s\u00e4ger Larsson till FD.<\/p>\n","protected":false},"excerpt":{"rendered":"Abdoulie Manneh var p\u00e5 v\u00e4g till Birmingham f\u00f6r att genomg\u00e5 l\u00e4karunders\u00f6kning. N\u00e5gon transfer till Championship-klubben kommer det dock&hellip;\n","protected":false},"author":2,"featured_media":135151,"comment_status":"","ping_status":"","sticky":false,"template":"","format":"standard","meta":{"footnotes":""},"categories":[68],"tags":[754,34,111,110,31,33,32,30],"class_list":{"0":"post-135150","1":"post","2":"type-post","3":"status-publish","4":"format-standard","5":"has-post-thumbnail","7":"category-sport","8":"tag-huvudblock","9":"tag-se","10":"tag-sport","11":"tag-sports","12":"tag-svenska","13":"tag-sverige","14":"tag-sweden","15":"tag-swedish"},"share_on_mastodon":{"url":"https:\/\/pubeurope.com\/@se\/115892005278801889","error":""},"_links":{"self":[{"href":"https:\/\/www.europesays.com\/se\/wp-json\/wp\/v2\/posts\/135150","targetHints":{"allow":["GET"]}}],"collection":[{"href":"https:\/\/www.europesays.com\/se\/wp-json\/wp\/v2\/posts"}],"about":[{"href":"https:\/\/www.europesays.com\/se\/wp-json\/wp\/v2\/types\/post"}],"author":[{"embeddable":true,"href":"https:\/\/www.europesays.com\/se\/wp-json\/wp\/v2\/users\/2"}],"replies":[{"embeddable":true,"href":"https:\/\/www.europesays.com\/se\/wp-json\/wp\/v2\/comments?post=135150"}],"version-history":[{"count":0,"href":"https:\/\/www.europesays.com\/se\/wp-json\/wp\/v2\/posts\/135150\/revisions"}],"wp:featuredmedia":[{"embeddable":true,"href":"https:\/\/www.europesays.com\/se\/wp-json\/wp\/v2\/media\/135151"}],"wp:attachment":[{"href":"https:\/\/www.europesays.com\/se\/wp-json\/wp\/v2\/media?parent=135150"}],"wp:term":[{"taxonomy":"category","embeddable":true,"href":"https:\/\/www.europesays.com\/se\/wp-json\/wp\/v2\/categories?post=135150"},{"taxonomy":"post_tag","embeddable":true,"href":"https:\/\/www.europesays.com\/se\/wp-json\/wp\/v2\/tags?post=135150"}],"curies":[{"name":"wp","href":"https:\/\/api.w.org\/{rel}","templated":true}]}}