{"id":135156,"date":"2026-01-14T06:23:08","date_gmt":"2026-01-14T06:23:08","guid":{"rendered":"https:\/\/www.europesays.com\/se\/135156\/"},"modified":"2026-01-14T06:23:08","modified_gmt":"2026-01-14T06:23:08","slug":"kran-foll-over-tag-i-thailand-22-doda","status":"publish","type":"post","link":"https:\/\/www.europesays.com\/se\/135156\/","title":{"rendered":"Kran f\u00f6ll \u00f6ver t\u00e5g i Thailand \u2013 22 d\u00f6da"},"content":{"rendered":"<p class=\"boxtextgrotesk-root_baa6 hyperion-css-7pajle\">Uppdaterad 06.59 | Publicerad 05.39<\/p>\n<p>share-arrowDela<\/p>\n<p>unsaveSpara<\/p>\n<p>expand-left<\/p>\n<p>helsk\u00e4rm<img decoding=\"async\" class=\"image-asset hyperion-css-u06ts1\" data-test-tag=\"image-asset\" src=\"https:\/\/www.europesays.com\/se\/wp-content\/uploads\/2026\/01\/077368aa-2767-482f-8af9-2dc412ded882.jpeg\"  alt=\"Thailand bygger en h\u00f6ghastighetslinje till Laos och Kina. Arkivbild fr\u00e5n det p\u00e5g\u00e5ende bygget i provinsen Nakhon Ratchasima.\"  loading=\"eager\" fetchpriority=\"high\" style=\"aspect-ratio:1900 \/ 1265\"\/>Thailand bygger en h\u00f6ghastighetslinje till Laos och Kina. Arkivbild fr\u00e5n det p\u00e5g\u00e5ende bygget i provinsen Nakhon Ratchasima. Foto: Thailands J\u00e4rnv\u00e4gar Via AP\/TT<\/p>\n<p class=\"hyperion-css-1shl3oz\" data-test-tag=\"lead-text\">Minst 22 liv har kr\u00e4vts sedan en lyftkran kollapsat \u00f6ver ett persont\u00e5g i centrala Thailand p\u00e5 onsdagsmorgonen, lokal tid.<\/p>\n<p class=\"hyperion-css-1v9qo5x\">Kranen anv\u00e4ndes i bygget av en bro till den kommande h\u00f6ghastighetslinjen mellan Bangkok och Kina, via Laos. Men t\u00e5get som tr\u00e4ffades gick p\u00e5 befintlig r\u00e4ls, fr\u00e5n huvudstaden till Ubon Ratchathani vid den \u00f6stra gr\u00e4nsen mot Laos.<\/p>\n<p class=\"hyperion-css-1v9qo5x\">Den lokale polischefen Thatchapon Chinnawong s\u00e4ger enligt nyhetsbyr\u00e5n AFP att f\u00f6rutom d\u00f6dsoffren har ytterligare drygt 30 personer skadats i olyckan. Enligt transportminister Phiphat Ratchakitprakarn befann sig 150 personer ombord p\u00e5 expresst\u00e5get.<\/p>\n<p class=\"hyperion-css-1v9qo5x\">\u201dEn kran f\u00f6ll \u00f6ver ett t\u00e5g vilket gjorde att det sp\u00e5rade ur och fattade eld\u201d, skriver lokala myndigheter i ett uttalande.<\/p>\n<p class=\"hyperion-css-1v9qo5x\">Elden ska nu vara under kontroll.<\/p>\n<p class=\"hyperion-css-1v9qo5x\">Den f\u00f6rsta delen av den nya h\u00f6ghastighetslinjen ska invigas 2028. Den ses som en viktig l\u00e4nk mellan Kina och de sydostasiatiska l\u00e4nderna Thailand, Malaysia och Singapore.<\/p>\n","protected":false},"excerpt":{"rendered":"Uppdaterad 06.59 | Publicerad 05.39 share-arrowDela unsaveSpara expand-left helsk\u00e4rmThailand bygger en h\u00f6ghastighetslinje till Laos och Kina. Arkivbild fr\u00e5n&hellip;\n","protected":false},"author":2,"featured_media":135157,"comment_status":"","ping_status":"","sticky":false,"template":"","format":"standard","meta":{"footnotes":""},"categories":[14],"tags":[22,23,26,27,17,21,24,25,28,29,15,16,18,34,31,33,32,30,19,20,51,52,53,54],"class_list":{"0":"post-135156","1":"post","2":"type-post","3":"status-publish","4":"format-standard","5":"has-post-thumbnail","7":"category-varlden","8":"tag-breaking-news","9":"tag-breakingnews","10":"tag-featured-news","11":"tag-featurednews","12":"tag-headlines","13":"tag-huvudnyheter","14":"tag-latest-news","15":"tag-latestnews","16":"tag-main-news","17":"tag-mainnews","18":"tag-news","19":"tag-nyheter","20":"tag-rubriker","21":"tag-se","22":"tag-svenska","23":"tag-sverige","24":"tag-sweden","25":"tag-swedish","26":"tag-top-stories","27":"tag-topstories","28":"tag-varlden","29":"tag-world","30":"tag-world-news","31":"tag-worldnews"},"share_on_mastodon":{"url":"https:\/\/pubeurope.com\/@se\/115892021079574368","error":""},"_links":{"self":[{"href":"https:\/\/www.europesays.com\/se\/wp-json\/wp\/v2\/posts\/135156","targetHints":{"allow":["GET"]}}],"collection":[{"href":"https:\/\/www.europesays.com\/se\/wp-json\/wp\/v2\/posts"}],"about":[{"href":"https:\/\/www.europesays.com\/se\/wp-json\/wp\/v2\/types\/post"}],"author":[{"embeddable":true,"href":"https:\/\/www.europesays.com\/se\/wp-json\/wp\/v2\/users\/2"}],"replies":[{"embeddable":true,"href":"https:\/\/www.europesays.com\/se\/wp-json\/wp\/v2\/comments?post=135156"}],"version-history":[{"count":0,"href":"https:\/\/www.europesays.com\/se\/wp-json\/wp\/v2\/posts\/135156\/revisions"}],"wp:featuredmedia":[{"embeddable":true,"href":"https:\/\/www.europesays.com\/se\/wp-json\/wp\/v2\/media\/135157"}],"wp:attachment":[{"href":"https:\/\/www.europesays.com\/se\/wp-json\/wp\/v2\/media?parent=135156"}],"wp:term":[{"taxonomy":"category","embeddable":true,"href":"https:\/\/www.europesays.com\/se\/wp-json\/wp\/v2\/categories?post=135156"},{"taxonomy":"post_tag","embeddable":true,"href":"https:\/\/www.europesays.com\/se\/wp-json\/wp\/v2\/tags?post=135156"}],"curies":[{"name":"wp","href":"https:\/\/api.w.org\/{rel}","templated":true}]}}