{"id":135158,"date":"2026-01-14T06:24:10","date_gmt":"2026-01-14T06:24:10","guid":{"rendered":"https:\/\/www.europesays.com\/se\/135158\/"},"modified":"2026-01-14T06:24:10","modified_gmt":"2026-01-14T06:24:10","slug":"vaderomslag-kan-ge-lurigt-vaglag","status":"publish","type":"post","link":"https:\/\/www.europesays.com\/se\/135158\/","title":{"rendered":"V\u00e4deromslag kan ge lurigt v\u00e4glag"},"content":{"rendered":"<p>Under dagen v\u00e4ntas v\u00e4deromslag med mildare v\u00e4der och nederb\u00f6rd. <\/p>\n<p>\u2013 Vid v\u00e4deromslag kan v\u00e4glaget f\u00f6r\u00e4ndras snabbt och som trafikant kanske man inte \u00e4r beredd p\u00e5 det, s\u00e4ger polisregion Bergslagens presstalesperson Lars Hedelin.<\/p>\n<p>St\u00f6rningar just nu<\/p>\n<p>Nu p\u00e5 morgonen \u00e4r det vissa st\u00f6rningar i kollektivtrafiken \u2013 flera regionbussar i Eda kommun \u00e4r inst\u00e4llda p\u00e5 grund av v\u00e4derf\u00f6rh\u00e5llanden.<\/p>\n<p>I Sunne kommun \u00e4r en skolbuss inst\u00e4lld och delvis inst\u00e4lld \u00e4r vissa bussar i S\u00e4ffle och Kils kommun nu p\u00e5 morgonen.<\/p>\n<p>Sn\u00f6varning<\/p>\n<p>SMHI har lagt ut <a href=\"https:\/\/www.smhi.se\/vader\/prognoser-och-varningar\/varningar-och-meddelanden\/varningar\" rel=\"nofollow noopener\" target=\"_blank\">en gul varning<\/a> f\u00f6r tidvis kraftigt sn\u00f6fall som kan ge trafikproblem. Den g\u00e4llen hela V\u00e4rmland mellan klockan 05-18.<\/p>\n<p>Drygt tv\u00e5 centimeter sn\u00f6 kan komma lokalt i l\u00e4net under dagen f\u00f6r att \u00f6verg\u00e5 till bl\u00f6tsn\u00f6 eller regn senare under dagen. D\u00e5 det lokalt ocks\u00e5 kan f\u00f6rekomma regn finns det risk f\u00f6r problem med ishalka.<\/p>\n<p><a href=\"https:\/\/www.svt.se\/vader\/\" rel=\"nofollow noopener\" target=\"_blank\">H\u00e5ll koll p\u00e5 v\u00e4dret p\u00e5 din ort p\u00e5 SVT:s v\u00e4dersajt.<\/a><\/p>\n","protected":false},"excerpt":{"rendered":"Under dagen v\u00e4ntas v\u00e4deromslag med mildare v\u00e4der och nederb\u00f6rd. \u2013 Vid v\u00e4deromslag kan v\u00e4glaget f\u00f6r\u00e4ndras snabbt och som&hellip;\n","protected":false},"author":2,"featured_media":135159,"comment_status":"","ping_status":"","sticky":false,"template":"","format":"standard","meta":{"footnotes":""},"categories":[12],"tags":[22,23,26,27,17,21,24,25,28,29,15,16,18,34,31,33,32,30,19,20],"class_list":{"0":"post-135158","1":"post","2":"type-post","3":"status-publish","4":"format-standard","5":"has-post-thumbnail","7":"category-sverige","8":"tag-breaking-news","9":"tag-breakingnews","10":"tag-featured-news","11":"tag-featurednews","12":"tag-headlines","13":"tag-huvudnyheter","14":"tag-latest-news","15":"tag-latestnews","16":"tag-main-news","17":"tag-mainnews","18":"tag-news","19":"tag-nyheter","20":"tag-rubriker","21":"tag-se","22":"tag-svenska","23":"tag-sverige","24":"tag-sweden","25":"tag-swedish","26":"tag-top-stories","27":"tag-topstories"},"share_on_mastodon":{"url":"https:\/\/pubeurope.com\/@se\/115892024963672079","error":""},"_links":{"self":[{"href":"https:\/\/www.europesays.com\/se\/wp-json\/wp\/v2\/posts\/135158","targetHints":{"allow":["GET"]}}],"collection":[{"href":"https:\/\/www.europesays.com\/se\/wp-json\/wp\/v2\/posts"}],"about":[{"href":"https:\/\/www.europesays.com\/se\/wp-json\/wp\/v2\/types\/post"}],"author":[{"embeddable":true,"href":"https:\/\/www.europesays.com\/se\/wp-json\/wp\/v2\/users\/2"}],"replies":[{"embeddable":true,"href":"https:\/\/www.europesays.com\/se\/wp-json\/wp\/v2\/comments?post=135158"}],"version-history":[{"count":0,"href":"https:\/\/www.europesays.com\/se\/wp-json\/wp\/v2\/posts\/135158\/revisions"}],"wp:featuredmedia":[{"embeddable":true,"href":"https:\/\/www.europesays.com\/se\/wp-json\/wp\/v2\/media\/135159"}],"wp:attachment":[{"href":"https:\/\/www.europesays.com\/se\/wp-json\/wp\/v2\/media?parent=135158"}],"wp:term":[{"taxonomy":"category","embeddable":true,"href":"https:\/\/www.europesays.com\/se\/wp-json\/wp\/v2\/categories?post=135158"},{"taxonomy":"post_tag","embeddable":true,"href":"https:\/\/www.europesays.com\/se\/wp-json\/wp\/v2\/tags?post=135158"}],"curies":[{"name":"wp","href":"https:\/\/api.w.org\/{rel}","templated":true}]}}