{"id":135174,"date":"2026-01-14T06:40:13","date_gmt":"2026-01-14T06:40:13","guid":{"rendered":"https:\/\/www.europesays.com\/se\/135174\/"},"modified":"2026-01-14T06:40:13","modified_gmt":"2026-01-14T06:40:13","slug":"ledare-livsfarlig-snolek-sa-haller-du-barnen-sakra-hudiksvalls-tidning","status":"publish","type":"post","link":"https:\/\/www.europesays.com\/se\/135174\/","title":{"rendered":"LEDARE: Livsfarlig sn\u00f6lek \u2013 s\u00e5 h\u00e5ller du barnen s\u00e4kra &#8211; Hudiksvalls Tidning"},"content":{"rendered":"<ol>\n<li><a href=\"https:\/\/news.google.com\/rss\/articles\/CBMifkFVX3lxTE5RVi1wRl80TnUzeDlPV0Q1SGhpOUZGSjVsRUFqS1lDZTdDY1BRTkh5NzhCSGxaajk3M2NaYUNtaC1YVUYxazBBaE93cWVVNkl1TUpqV0FBQ2dmNlRZTk5PWm9qTUtMN0cyNV9tZk1HS2RnN0dqdVBNSHJRX3hidw?oc=5\" target=\"_blank\" rel=\"nofollow noopener\">LEDARE: Livsfarlig sn\u00f6lek \u2013 s\u00e5 h\u00e5ller du barnen s\u00e4kra<\/a>&nbsp;&nbsp;Hudiksvalls Tidning<\/li>\n<li><a href=\"https:\/\/news.google.com\/rss\/articles\/CBMilAFBVV95cUxNc1RvTTdCaDZ0cUFVY25xXzhQLVA2LXIxTmxwdmlzMU96REdka2ctd3N6cEN1dFFmU3c0X2JfelZaVGZyaWtmNFA0RG5zYVhGdDJDaEQ0NVEzel8tWmlLNkNZQXNFa1p5NXBxbWhyeWpHeGFLNENFb2x5ZlhUNE1IX0hqdC1Ya21HZjBCU1d4OS1JWDhQ?oc=5\" target=\"_blank\" rel=\"nofollow noopener\">Leka i sn\u00f6h\u00f6gar kan vara livsfarligt \u2013 sn\u00f6r\u00f6jare varnar<\/a>&nbsp;&nbsp;Sveriges Radio<\/li>\n<li><a href=\"https:\/\/news.google.com\/rss\/articles\/CBMihAFBVV95cUxOVDlqNFktYnJhQy02STRTSWRDeGs1UnpKdWlUUUpUSEVhSm1iSWh1cGFNWk41Nmg3b3VSa1EyeW45dG5aaUhqVUlJN3FNYTIwSWxIMjlEMkh6UXl4ck9EQktJMFEtUmprcmxvY1VnQnBjN0FTR3hvVkZzVUN5d0VEV3BqWFI?oc=5\" target=\"_blank\" rel=\"nofollow noopener\">\u00d6verlevnadsexpert: Djupa sn\u00f6grottor \u00e4r farliga<\/a>&nbsp;&nbsp;Omni<\/li>\n<li><a href=\"https:\/\/news.google.com\/rss\/articles\/CBMiqgFBVV95cUxOR0otY2JKWkQxT1FjY2tUeVh6OGd3OWFwMVI0ZTRKcVotNkVXYml6M1Utc1ZwQ0Q0c2RMZkFvTzFqSk9RQk1SZmJ0cExjYkpGN202amFRX19ic2EwVHRrY29lcWJpMzF6bDI5dE9TYl8zcE1HNnNSeGpmaDV2WEJfd0V5eEczNDRsczkwZnd2a29vREp2RlNCaVVFaWZxS25VTVRVTzRYUnVIdw?oc=5\" target=\"_blank\" rel=\"nofollow noopener\">S\u00e5 undviker du olyckor n\u00e4r barnen bygger sn\u00f6grottor<\/a>&nbsp;&nbsp;TV4 Nyheterna<\/li>\n<li><a href=\"https:\/\/news.google.com\/rss\/articles\/CBMiqAFBVV95cUxOaFdSMXRxR0ZxTDdTTlc4eG5kOVZ6d25RWHh0NEYyR1QxN3ZGQy1NOE5qNnc1MFBfYXQ5WlhNM1lrOHA5M0ZRRFpLbncybnRPSndqcFhWUDRhd2R0TjFoSU5XNFNQaDdRczFzeXl2Q3IySnZUcFI1LXN6TDdPMVBteFl4SGZudDhnNG1MR3NienZRWlh6ZTdkS21la2dsM3dfMmc0TVRiU1Q?oc=5\" target=\"_blank\" rel=\"nofollow noopener\">Varningen \u2013 lek inte i sn\u00f6grottor: &#8221;Allvarlig risk&#8221;<\/a>&nbsp;&nbsp;Helagotland<\/li>\n<\/ol>\n","protected":false},"excerpt":{"rendered":"LEDARE: Livsfarlig sn\u00f6lek \u2013 s\u00e5 h\u00e5ller du barnen s\u00e4kra&nbsp;&nbsp;Hudiksvalls Tidning Leka i sn\u00f6h\u00f6gar kan vara livsfarligt \u2013 sn\u00f6r\u00f6jare&hellip;\n","protected":false},"author":2,"featured_media":135175,"comment_status":"","ping_status":"","sticky":false,"template":"","format":"standard","meta":{"footnotes":""},"categories":[12],"tags":[22,23,26,27,17,21,24,25,28,29,15,16,18,34,31,33,32,30,19,20],"class_list":{"0":"post-135174","1":"post","2":"type-post","3":"status-publish","4":"format-standard","5":"has-post-thumbnail","7":"category-sverige","8":"tag-breaking-news","9":"tag-breakingnews","10":"tag-featured-news","11":"tag-featurednews","12":"tag-headlines","13":"tag-huvudnyheter","14":"tag-latest-news","15":"tag-latestnews","16":"tag-main-news","17":"tag-mainnews","18":"tag-news","19":"tag-nyheter","20":"tag-rubriker","21":"tag-se","22":"tag-svenska","23":"tag-sverige","24":"tag-sweden","25":"tag-swedish","26":"tag-top-stories","27":"tag-topstories"},"share_on_mastodon":{"url":"https:\/\/pubeurope.com\/@se\/115892087844213858","error":""},"_links":{"self":[{"href":"https:\/\/www.europesays.com\/se\/wp-json\/wp\/v2\/posts\/135174","targetHints":{"allow":["GET"]}}],"collection":[{"href":"https:\/\/www.europesays.com\/se\/wp-json\/wp\/v2\/posts"}],"about":[{"href":"https:\/\/www.europesays.com\/se\/wp-json\/wp\/v2\/types\/post"}],"author":[{"embeddable":true,"href":"https:\/\/www.europesays.com\/se\/wp-json\/wp\/v2\/users\/2"}],"replies":[{"embeddable":true,"href":"https:\/\/www.europesays.com\/se\/wp-json\/wp\/v2\/comments?post=135174"}],"version-history":[{"count":0,"href":"https:\/\/www.europesays.com\/se\/wp-json\/wp\/v2\/posts\/135174\/revisions"}],"wp:featuredmedia":[{"embeddable":true,"href":"https:\/\/www.europesays.com\/se\/wp-json\/wp\/v2\/media\/135175"}],"wp:attachment":[{"href":"https:\/\/www.europesays.com\/se\/wp-json\/wp\/v2\/media?parent=135174"}],"wp:term":[{"taxonomy":"category","embeddable":true,"href":"https:\/\/www.europesays.com\/se\/wp-json\/wp\/v2\/categories?post=135174"},{"taxonomy":"post_tag","embeddable":true,"href":"https:\/\/www.europesays.com\/se\/wp-json\/wp\/v2\/tags?post=135174"}],"curies":[{"name":"wp","href":"https:\/\/api.w.org\/{rel}","templated":true}]}}