{"id":135176,"date":"2026-01-14T06:44:38","date_gmt":"2026-01-14T06:44:38","guid":{"rendered":"https:\/\/www.europesays.com\/se\/135176\/"},"modified":"2026-01-14T06:44:38","modified_gmt":"2026-01-14T06:44:38","slug":"saldana-gar-om-johansson-dragit-in-mest-pengar","status":"publish","type":"post","link":"https:\/\/www.europesays.com\/se\/135176\/","title":{"rendered":"Salda\u00f1a g\u00e5r om Johansson \u2013 dragit in mest pengar"},"content":{"rendered":"<p>Zo\u00eb Salda\u00f1a \u00e4r den mest inkomstbringande sk\u00e5despelaren n\u00e5gonsin, rapporterar Variety. Insatsen i den tredje \u201dAvatar\u201d-filmen g\u00f6r att hon passerar den tidigare rekordh\u00e5llaren Scarlett Johansson. <\/p>\n<p>Totalt har Salda\u00f1as filmer dragit in 15,47 miljarder dollar, motsvarande knappt 143 miljarder kronor.<\/p>\n<p>Omni \u00e4r politiskt obundna och oberoende. Vi str\u00e4var efter att ge fler perspektiv p\u00e5 nyheterna. Har du fr\u00e5gor eller synpunkter kring v\u00e5r rapportering? <a href=\"https:\/\/omni.se\/saldana-gar-om-johansson-dragit-in-mest-pengar\/a\/mailto:redaktion@omni.se\" class=\"ArticleActions_contactLink__W2F1M\" rel=\"nofollow noopener\" target=\"_blank\">Kontakta redaktionen<\/a><\/p>\n","protected":false},"excerpt":{"rendered":"Zo\u00eb Salda\u00f1a \u00e4r den mest inkomstbringande sk\u00e5despelaren n\u00e5gonsin, rapporterar Variety. Insatsen i den tredje \u201dAvatar\u201d-filmen g\u00f6r att hon&hellip;\n","protected":false},"author":2,"featured_media":135177,"comment_status":"","ping_status":"","sticky":false,"template":"","format":"standard","meta":{"footnotes":""},"categories":[67],"tags":[8625,104,168,13683,34,31,33,32,30,105,13684],"class_list":{"0":"post-135176","1":"post","2":"type-post","3":"status-publish","4":"format-standard","5":"has-post-thumbnail","7":"category-underhallning","8":"tag-avatar","9":"tag-entertainment","10":"tag-film-tv","11":"tag-scarlett-johansson","12":"tag-se","13":"tag-svenska","14":"tag-sverige","15":"tag-sweden","16":"tag-swedish","17":"tag-underhallning","18":"tag-zoe-saldana"},"share_on_mastodon":{"url":"https:\/\/pubeurope.com\/@se\/115892103569826149","error":""},"_links":{"self":[{"href":"https:\/\/www.europesays.com\/se\/wp-json\/wp\/v2\/posts\/135176","targetHints":{"allow":["GET"]}}],"collection":[{"href":"https:\/\/www.europesays.com\/se\/wp-json\/wp\/v2\/posts"}],"about":[{"href":"https:\/\/www.europesays.com\/se\/wp-json\/wp\/v2\/types\/post"}],"author":[{"embeddable":true,"href":"https:\/\/www.europesays.com\/se\/wp-json\/wp\/v2\/users\/2"}],"replies":[{"embeddable":true,"href":"https:\/\/www.europesays.com\/se\/wp-json\/wp\/v2\/comments?post=135176"}],"version-history":[{"count":0,"href":"https:\/\/www.europesays.com\/se\/wp-json\/wp\/v2\/posts\/135176\/revisions"}],"wp:featuredmedia":[{"embeddable":true,"href":"https:\/\/www.europesays.com\/se\/wp-json\/wp\/v2\/media\/135177"}],"wp:attachment":[{"href":"https:\/\/www.europesays.com\/se\/wp-json\/wp\/v2\/media?parent=135176"}],"wp:term":[{"taxonomy":"category","embeddable":true,"href":"https:\/\/www.europesays.com\/se\/wp-json\/wp\/v2\/categories?post=135176"},{"taxonomy":"post_tag","embeddable":true,"href":"https:\/\/www.europesays.com\/se\/wp-json\/wp\/v2\/tags?post=135176"}],"curies":[{"name":"wp","href":"https:\/\/api.w.org\/{rel}","templated":true}]}}