{"id":135180,"date":"2026-01-14T06:48:13","date_gmt":"2026-01-14T06:48:13","guid":{"rendered":"https:\/\/www.europesays.com\/se\/135180\/"},"modified":"2026-01-14T06:48:13","modified_gmt":"2026-01-14T06:48:13","slug":"satsning-pa-samisk-kultur-i-skolan-under-nasta-lasar","status":"publish","type":"post","link":"https:\/\/www.europesays.com\/se\/135180\/","title":{"rendered":"Satsning p\u00e5 samisk kultur i skolan under n\u00e4sta l\u00e4s\u00e5r"},"content":{"rendered":"<p class=\"normal\">Barn- och utbildningsn\u00e4mnden g\u00f6r en s\u00e4rskild satsning p\u00e5 samisk kultur inom kommunens skolor under l\u00e4s\u00e5ret 2026\/2027. Satsningen syftar till att \u00f6ka kunskapen om samisk kultur och historia inom skolan.<\/p>\n<p class=\"normal\">\u2013 Skolan har ett ansvar att sprida kunskap om alla Sveriges nationella minoriteter och ett s\u00e4rskilt ansvar att lyfta urfolket samer, eftersom vi \u00e4r en samisk f\u00f6rvaltningskommun. Genom den h\u00e4r kultursatsningen vill vi ge b\u00e5de elever och skolpersonal f\u00f6rdjupade m\u00f6jligheter att ta del av samisk kultur och perspektiv, s\u00e4ger Barn- och utbildningsn\u00e4mndens ordf\u00f6rande Rosi Hoffer (S).<\/p>\n<p>Hj\u00e4lper eleverna att utveckla f\u00f6rst\u00e5else<\/p>\n<p class=\"normal\">Enligt l\u00e4roplanen ska skolorna arbeta f\u00f6r att eleverna ska utveckla f\u00f6rst\u00e5else f\u00f6r olika kulturella och historiska perspektiv, inklusive samisk kultur. Det inneb\u00e4r att undervisningen ska ge eleverna kunskap om det samiska folkets historia, spr\u00e5k, traditioner och levnadss\u00e4tt<\/p>\n<p class=\"normal\">Satsningen inleds i samband med L\u00e4rm\u00e4ssan i augusti 2026 och p\u00e5g\u00e5r under l\u00e4s\u00e5ret.<\/p>\n<p class=\"normal\">Som en del av uppstarten uppm\u00e4rksammas den samiska f\u00f6rest\u00e4llningen <strong>URS\u00c4KTEN<\/strong>, som ges i Stora kyrkan i \u00d6stersund den 16 januari 2026. F\u00f6rest\u00e4llningen arrangeras av Estrad Norr och \u00e4r \u00f6ppen f\u00f6r allm\u00e4nheten.<\/p>\n","protected":false},"excerpt":{"rendered":"Barn- och utbildningsn\u00e4mnden g\u00f6r en s\u00e4rskild satsning p\u00e5 samisk kultur inom kommunens skolor under l\u00e4s\u00e5ret 2026\/2027. Satsningen syftar&hellip;\n","protected":false},"author":2,"featured_media":42664,"comment_status":"","ping_status":"","sticky":false,"template":"","format":"standard","meta":{"footnotes":""},"categories":[12],"tags":[22,23,26,27,17,21,194,24,25,28,29,15,16,18,5616,34,31,33,32,30,19,20],"class_list":{"0":"post-135180","1":"post","2":"type-post","3":"status-publish","4":"format-standard","5":"has-post-thumbnail","7":"category-sverige","8":"tag-breaking-news","9":"tag-breakingnews","10":"tag-featured-news","11":"tag-featurednews","12":"tag-headlines","13":"tag-huvudnyheter","14":"tag-kultur","15":"tag-latest-news","16":"tag-latestnews","17":"tag-main-news","18":"tag-mainnews","19":"tag-news","20":"tag-nyheter","21":"tag-rubriker","22":"tag-samisk","23":"tag-se","24":"tag-svenska","25":"tag-sverige","26":"tag-sweden","27":"tag-swedish","28":"tag-top-stories","29":"tag-topstories"},"share_on_mastodon":{"url":"https:\/\/pubeurope.com\/@se\/115892119301806283","error":""},"_links":{"self":[{"href":"https:\/\/www.europesays.com\/se\/wp-json\/wp\/v2\/posts\/135180","targetHints":{"allow":["GET"]}}],"collection":[{"href":"https:\/\/www.europesays.com\/se\/wp-json\/wp\/v2\/posts"}],"about":[{"href":"https:\/\/www.europesays.com\/se\/wp-json\/wp\/v2\/types\/post"}],"author":[{"embeddable":true,"href":"https:\/\/www.europesays.com\/se\/wp-json\/wp\/v2\/users\/2"}],"replies":[{"embeddable":true,"href":"https:\/\/www.europesays.com\/se\/wp-json\/wp\/v2\/comments?post=135180"}],"version-history":[{"count":0,"href":"https:\/\/www.europesays.com\/se\/wp-json\/wp\/v2\/posts\/135180\/revisions"}],"wp:featuredmedia":[{"embeddable":true,"href":"https:\/\/www.europesays.com\/se\/wp-json\/wp\/v2\/media\/42664"}],"wp:attachment":[{"href":"https:\/\/www.europesays.com\/se\/wp-json\/wp\/v2\/media?parent=135180"}],"wp:term":[{"taxonomy":"category","embeddable":true,"href":"https:\/\/www.europesays.com\/se\/wp-json\/wp\/v2\/categories?post=135180"},{"taxonomy":"post_tag","embeddable":true,"href":"https:\/\/www.europesays.com\/se\/wp-json\/wp\/v2\/tags?post=135180"}],"curies":[{"name":"wp","href":"https:\/\/api.w.org\/{rel}","templated":true}]}}