{"id":135185,"date":"2026-01-14T07:00:11","date_gmt":"2026-01-14T07:00:11","guid":{"rendered":"https:\/\/www.europesays.com\/se\/135185\/"},"modified":"2026-01-14T07:00:11","modified_gmt":"2026-01-14T07:00:11","slug":"kvinna-anhallen-efter-vansinnesfarden-pa-e18-grov-vardsloshet-i-trafik-nwt","status":"publish","type":"post","link":"https:\/\/www.europesays.com\/se\/135185\/","title":{"rendered":"Kvinna anh\u00e5llen efter vansinnesf\u00e4rden p\u00e5 E18: \u201dGrov v\u00e5rdsl\u00f6shet i trafik\u201d &#8211; NWT"},"content":{"rendered":"<ol>\n<li><a href=\"https:\/\/news.google.com\/rss\/articles\/CBMiqwFBVV95cUxOOTdDd3BJRHpveng1TDRNdUhaV3l6WThCOWZHMW5GZ0N4aGtSMm8zYmNodkRyZURUX3U4UDFmSXpTeC0ybG1BVGo5MFdJOTRMS19DZ09sc0diaHhQSEpzM25BVXNsXzBlc3oxM05OYm96NzB0ZkpTamNLdFQwalduZDlwNWdLQ2p4YjdJZ1JWbTJTc2xBQ3BtenBHQXJrSDlzaHpTOHphWjNESXM?oc=5\" target=\"_blank\" rel=\"nofollow noopener\">Kvinna anh\u00e5llen efter vansinnesf\u00e4rden p\u00e5 E18: \u201dGrov v\u00e5rdsl\u00f6shet i trafik\u201d<\/a>&nbsp;&nbsp;NWT<\/li>\n<li><a href=\"https:\/\/news.google.com\/rss\/articles\/CBMinwFBVV95cUxPSlJCMGpyMVZ4amQxbl9aS2M5QmYyTnNIUzVxNi1jOGNtRWZmNTZoS2dTNkFTM3VOU0tEc21jd3pMbnhFTFZsQXVsTjBwTWRxUFotd1BTN3Y4bTFfUWNfYjNOaGJJSm8tM2YzSS1kRGEtZlVBRHJFTEdoNFZMZnJHODBwZ2dBTmpFNjdPTHpyWERBYUJEN3ZxSXpRbzN5Qzg?oc=5\" target=\"_blank\" rel=\"nofollow noopener\">Vansinnesf\u00e4rd p\u00e5 E18 \u2013 k\u00f6rde \u00e5t fel h\u00e5ll: \u201d200 kilometer i timmen\u201d<\/a>&nbsp;&nbsp;NWT<\/li>\n<li><a href=\"https:\/\/news.google.com\/rss\/articles\/CBMigAFBVV95cUxPcFNKVml0TWM4YTduUEE0aW5KOEpVQVFvVjRfWF9EcWVjUVpZVjQySmFwN01oQldUM0tVN3phYjBNNGh6cjk3Qy1qNW1mdndEVm1CSWFwN0xDSVI2eUhwZzZPNE9KSFBOUDM2M3FGa1A1SjJ3SWdlLTljbDBOTzVpTw?oc=5\" target=\"_blank\" rel=\"nofollow noopener\">Bil k\u00f6r i fel riktning: \u201d200 kilometer i timmen\u201d<\/a>&nbsp;&nbsp;Nerikes Allehanda<\/li>\n<li><a href=\"https:\/\/news.google.com\/rss\/articles\/CBMiigFBVV95cUxNZ1NJRi1DaS15TW93TDlJOWVVRGRKZnJJS014N0JrNXJNMEZKcXJzQTZVdW5MQlJVWE1WWTQ0OWVCV18tOVJvQzF5X3BXRVk4eUdXZWZPQ1VXWENpMzRmUzFTeS02RHhGQmpoQjJsMmltd0tJdjV5eVlXcDEtanVMLVM0RWhrMlJxVUE?oc=5\" target=\"_blank\" rel=\"nofollow noopener\">Vansinnesf\u00e4rd p\u00e5 E18 \u2013 k\u00f6rde mot trafiken i 200 km\/tim<\/a>&nbsp;&nbsp;Sveriges Radio<\/li>\n<li><a href=\"https:\/\/news.google.com\/rss\/articles\/CBMiigFBVV95cUxOdVV5V0xsb0hTSFJPSWlrR2F0WU9POXFsV0lKWEpqZDNlY0c5M0JLeHZQTGhPSWFTcDJEY1FKRE1WU090U2ZEdFVVUjB5VXltQThVMlFoZExyYVMxSzdKUkdHaXJNRjIyLW8xTUM2cHdEY3VkMHBEbU4wV3RKTE9vdWVPNFZxaDhBc2c?oc=5\" target=\"_blank\" rel=\"nofollow noopener\">Vansinnesf\u00e4rd p\u00e5 E18: Fel riktning i 200 km\/tim<\/a>&nbsp;&nbsp;Aftonbladet<\/li>\n<\/ol>\n","protected":false},"excerpt":{"rendered":"Kvinna anh\u00e5llen efter vansinnesf\u00e4rden p\u00e5 E18: \u201dGrov v\u00e5rdsl\u00f6shet i trafik\u201d&nbsp;&nbsp;NWT Vansinnesf\u00e4rd p\u00e5 E18 \u2013 k\u00f6rde \u00e5t fel h\u00e5ll:&hellip;\n","protected":false},"author":2,"featured_media":135186,"comment_status":"","ping_status":"","sticky":false,"template":"","format":"standard","meta":{"footnotes":""},"categories":[5],"tags":[22,23,26,27,17,21,24,25,28,29,15,16,18,34,31,33,32,30,19,20],"class_list":{"0":"post-135185","1":"post","2":"type-post","3":"status-publish","4":"format-standard","5":"has-post-thumbnail","7":"category-rubriker","8":"tag-breaking-news","9":"tag-breakingnews","10":"tag-featured-news","11":"tag-featurednews","12":"tag-headlines","13":"tag-huvudnyheter","14":"tag-latest-news","15":"tag-latestnews","16":"tag-main-news","17":"tag-mainnews","18":"tag-news","19":"tag-nyheter","20":"tag-rubriker","21":"tag-se","22":"tag-svenska","23":"tag-sverige","24":"tag-sweden","25":"tag-swedish","26":"tag-top-stories","27":"tag-topstories"},"share_on_mastodon":{"url":"https:\/\/pubeurope.com\/@se\/115892166517324436","error":""},"_links":{"self":[{"href":"https:\/\/www.europesays.com\/se\/wp-json\/wp\/v2\/posts\/135185","targetHints":{"allow":["GET"]}}],"collection":[{"href":"https:\/\/www.europesays.com\/se\/wp-json\/wp\/v2\/posts"}],"about":[{"href":"https:\/\/www.europesays.com\/se\/wp-json\/wp\/v2\/types\/post"}],"author":[{"embeddable":true,"href":"https:\/\/www.europesays.com\/se\/wp-json\/wp\/v2\/users\/2"}],"replies":[{"embeddable":true,"href":"https:\/\/www.europesays.com\/se\/wp-json\/wp\/v2\/comments?post=135185"}],"version-history":[{"count":0,"href":"https:\/\/www.europesays.com\/se\/wp-json\/wp\/v2\/posts\/135185\/revisions"}],"wp:featuredmedia":[{"embeddable":true,"href":"https:\/\/www.europesays.com\/se\/wp-json\/wp\/v2\/media\/135186"}],"wp:attachment":[{"href":"https:\/\/www.europesays.com\/se\/wp-json\/wp\/v2\/media?parent=135185"}],"wp:term":[{"taxonomy":"category","embeddable":true,"href":"https:\/\/www.europesays.com\/se\/wp-json\/wp\/v2\/categories?post=135185"},{"taxonomy":"post_tag","embeddable":true,"href":"https:\/\/www.europesays.com\/se\/wp-json\/wp\/v2\/tags?post=135185"}],"curies":[{"name":"wp","href":"https:\/\/api.w.org\/{rel}","templated":true}]}}