{"id":135187,"date":"2026-01-14T07:02:09","date_gmt":"2026-01-14T07:02:09","guid":{"rendered":"https:\/\/www.europesays.com\/se\/135187\/"},"modified":"2026-01-14T07:02:09","modified_gmt":"2026-01-14T07:02:09","slug":"ymer-vidare-en-seger-fran-australian-open","status":"publish","type":"post","link":"https:\/\/www.europesays.com\/se\/135187\/","title":{"rendered":"Ymer vidare \u2013 en seger fr\u00e5n Australian Open"},"content":{"rendered":"<p class=\"boxtextgrotesk-root_baa6 hyperion-css-1w346fg\">Uppdaterad 07.42 | Publicerad 07.35<\/p>\n<p>share-arrowDela<\/p>\n<p>unsaveSpara<\/p>\n<p>expand-left<\/p>\n<p>helsk\u00e4rm<img decoding=\"async\" class=\"image-asset hyperion-css-u06ts1\" data-test-tag=\"image-asset\" src=\"https:\/\/www.europesays.com\/se\/wp-content\/uploads\/2026\/01\/384eb86d-e8a0-457d-8794-59a33bce07df.jpeg\"  alt=\"Elias Ymer under en match i oktober 2025.\"  loading=\"eager\" fetchpriority=\"high\" style=\"aspect-ratio:1900 \/ 1268\"\/>Elias Ymer under en match i oktober 2025. Foto: Pontus Orre\/TT<\/p>\n<p class=\"hyperion-css-1shl3oz\" data-test-tag=\"lead-text\">Elias Ymer \u00e4r en seger fr\u00e5n att n\u00e5 tennisens grand slam-turnering Australian Open.<\/p>\n<p class=\"hyperion-css-1v9qo5x\">Svensken vann mot dansken Elmer M\u00f8ller i den andra kvalomg\u00e5ngen och st\u00e4lls nu mot Colemang Wong, Hongkong, i en kvalfinal.<\/p>\n<p class=\"hyperion-css-1v9qo5x\">Ymer vann matchen mot M\u00f8ller i Melbourne med 2\u20131 i set (4\u20136, 6\u20134, 7\u20135).<\/p>\n<p class=\"hyperion-css-1v9qo5x\">Ymer har n\u00e5tt huvudturneringen i Australian Open tre g\u00e5nger tidigare i karri\u00e4ren, men har samtliga g\u00e5nger blivit utslagen i den f\u00f6rsta omg\u00e5ngen.<\/p>\n","protected":false},"excerpt":{"rendered":"Uppdaterad 07.42 | Publicerad 07.35 share-arrowDela unsaveSpara expand-left helsk\u00e4rmElias Ymer under en match i oktober 2025. Foto: Pontus&hellip;\n","protected":false},"author":2,"featured_media":135188,"comment_status":"","ping_status":"","sticky":false,"template":"","format":"standard","meta":{"footnotes":""},"categories":[68],"tags":[34,111,110,31,33,32,30],"class_list":{"0":"post-135187","1":"post","2":"type-post","3":"status-publish","4":"format-standard","5":"has-post-thumbnail","7":"category-sport","8":"tag-se","9":"tag-sport","10":"tag-sports","11":"tag-svenska","12":"tag-sverige","13":"tag-sweden","14":"tag-swedish"},"share_on_mastodon":{"url":"https:\/\/pubeurope.com\/@se\/115892174377040054","error":""},"_links":{"self":[{"href":"https:\/\/www.europesays.com\/se\/wp-json\/wp\/v2\/posts\/135187","targetHints":{"allow":["GET"]}}],"collection":[{"href":"https:\/\/www.europesays.com\/se\/wp-json\/wp\/v2\/posts"}],"about":[{"href":"https:\/\/www.europesays.com\/se\/wp-json\/wp\/v2\/types\/post"}],"author":[{"embeddable":true,"href":"https:\/\/www.europesays.com\/se\/wp-json\/wp\/v2\/users\/2"}],"replies":[{"embeddable":true,"href":"https:\/\/www.europesays.com\/se\/wp-json\/wp\/v2\/comments?post=135187"}],"version-history":[{"count":0,"href":"https:\/\/www.europesays.com\/se\/wp-json\/wp\/v2\/posts\/135187\/revisions"}],"wp:featuredmedia":[{"embeddable":true,"href":"https:\/\/www.europesays.com\/se\/wp-json\/wp\/v2\/media\/135188"}],"wp:attachment":[{"href":"https:\/\/www.europesays.com\/se\/wp-json\/wp\/v2\/media?parent=135187"}],"wp:term":[{"taxonomy":"category","embeddable":true,"href":"https:\/\/www.europesays.com\/se\/wp-json\/wp\/v2\/categories?post=135187"},{"taxonomy":"post_tag","embeddable":true,"href":"https:\/\/www.europesays.com\/se\/wp-json\/wp\/v2\/tags?post=135187"}],"curies":[{"name":"wp","href":"https:\/\/api.w.org\/{rel}","templated":true}]}}