{"id":135193,"date":"2026-01-14T07:07:07","date_gmt":"2026-01-14T07:07:07","guid":{"rendered":"https:\/\/www.europesays.com\/se\/135193\/"},"modified":"2026-01-14T07:07:07","modified_gmt":"2026-01-14T07:07:07","slug":"gladjande-siffror-region-syd-har-vuxit-mest-i-sverige","status":"publish","type":"post","link":"https:\/\/www.europesays.com\/se\/135193\/","title":{"rendered":"Gl\u00e4djande siffror \u2013 Region Syd har vuxit mest i Sverige"},"content":{"rendered":"<p class=\"article-publishedDate\">&#13;<br \/>\n                            Publicerad 14 jan. 2026&#13;\n                        <\/p>\n<p class=\"article-preamble\">&#13;<br \/>\n                            F\u00f6retagarna Region Syd \u00f6kade mest av alla landets regioner under 2025.&#13;\n                        <\/p>\n<p>N\u00e4r 2025 \u00e5rs resultat damp ner var det oerh\u00f6rt gl\u00e4djande f\u00f6r F\u00f6retagarnas sydligaste region. F\u00f6retagarna Region Syd g\u00e5r emot den nationella trenden och \u00f6kade sitt medlemsantal med 2,3 procent \u00e5r 2025.<\/p>\n<p>\u2013 Det h\u00e4r \u00e4r ett resultat av v\u00e5ra f\u00f6rtroendevaldas stora driv och engagemang samt ett konkret bevis p\u00e5 styrkan av n\u00e4tverk, s\u00e4ger F\u00f6retagarna Region Syds regionchef Magnus N:son Engelb\u00e4ck.<\/p>\n<p>Lilla Edet \u00e4r den lokalf\u00f6rening som v\u00e4xte mest med sina 29,8 procent. Plats tv\u00e5 till fyra tillf\u00f6ll f\u00f6reningar fr\u00e5n Sk\u00e5ne. De fem lokalf\u00f6reningarna i Region Syd med st\u00f6rst procentuell \u00f6kning av antalet medlemmar presenteras nedan. 17 av 32 f\u00f6reningar i syd g\u00e5r med plus.<\/p>\n<p>Topplista 2025<\/p>\n<p>\u00c4ngelholm: \u00f6kade med 26,4 procent, avslutade \u00e5ret med 225 medlemmar.<\/p>\n<p>\u00d6sterlen: \u00f6kade med 23,3 procent, avslutade \u00e5ret med 185 medlemmar.<\/p>\n<p>Skurup: \u00f6kade med 22,8 procent, avslutade \u00e5ret med 97 medlemmar.<\/p>\n<p>B\u00e5stad-Bj\u00e4re: \u00f6kade med 11,1 procent, avslutade \u00e5ret med 90 medlemmar.<\/p>\n<p>Tomelilla: \u00f6kade med 11,8 procent, avslutade \u00e5ret med 95 medlemmar.<\/p>\n","protected":false},"excerpt":{"rendered":"&#13; Publicerad 14 jan. 2026&#13; &#13; F\u00f6retagarna Region Syd \u00f6kade mest av alla landets regioner under 2025.&#13; N\u00e4r&hellip;\n","protected":false},"author":2,"featured_media":135194,"comment_status":"","ping_status":"","sticky":false,"template":"","format":"standard","meta":{"footnotes":""},"categories":[12],"tags":[22,23,26,27,17,21,24,25,28,29,15,16,18,34,31,33,32,30,19,20],"class_list":{"0":"post-135193","1":"post","2":"type-post","3":"status-publish","4":"format-standard","5":"has-post-thumbnail","7":"category-sverige","8":"tag-breaking-news","9":"tag-breakingnews","10":"tag-featured-news","11":"tag-featurednews","12":"tag-headlines","13":"tag-huvudnyheter","14":"tag-latest-news","15":"tag-latestnews","16":"tag-main-news","17":"tag-mainnews","18":"tag-news","19":"tag-nyheter","20":"tag-rubriker","21":"tag-se","22":"tag-svenska","23":"tag-sverige","24":"tag-sweden","25":"tag-swedish","26":"tag-top-stories","27":"tag-topstories"},"share_on_mastodon":{"url":"https:\/\/pubeurope.com\/@se\/115892194183071212","error":""},"_links":{"self":[{"href":"https:\/\/www.europesays.com\/se\/wp-json\/wp\/v2\/posts\/135193","targetHints":{"allow":["GET"]}}],"collection":[{"href":"https:\/\/www.europesays.com\/se\/wp-json\/wp\/v2\/posts"}],"about":[{"href":"https:\/\/www.europesays.com\/se\/wp-json\/wp\/v2\/types\/post"}],"author":[{"embeddable":true,"href":"https:\/\/www.europesays.com\/se\/wp-json\/wp\/v2\/users\/2"}],"replies":[{"embeddable":true,"href":"https:\/\/www.europesays.com\/se\/wp-json\/wp\/v2\/comments?post=135193"}],"version-history":[{"count":0,"href":"https:\/\/www.europesays.com\/se\/wp-json\/wp\/v2\/posts\/135193\/revisions"}],"wp:featuredmedia":[{"embeddable":true,"href":"https:\/\/www.europesays.com\/se\/wp-json\/wp\/v2\/media\/135194"}],"wp:attachment":[{"href":"https:\/\/www.europesays.com\/se\/wp-json\/wp\/v2\/media?parent=135193"}],"wp:term":[{"taxonomy":"category","embeddable":true,"href":"https:\/\/www.europesays.com\/se\/wp-json\/wp\/v2\/categories?post=135193"},{"taxonomy":"post_tag","embeddable":true,"href":"https:\/\/www.europesays.com\/se\/wp-json\/wp\/v2\/tags?post=135193"}],"curies":[{"name":"wp","href":"https:\/\/api.w.org\/{rel}","templated":true}]}}