{"id":135197,"date":"2026-01-14T07:10:08","date_gmt":"2026-01-14T07:10:08","guid":{"rendered":"https:\/\/www.europesays.com\/se\/135197\/"},"modified":"2026-01-14T07:10:08","modified_gmt":"2026-01-14T07:10:08","slug":"sverige-overkorda-av-kanada-de-vantar-i-kvartsfinal","status":"publish","type":"post","link":"https:\/\/www.europesays.com\/se\/135197\/","title":{"rendered":"Sverige \u00f6verk\u00f6rda av Kanada &#8211; de v\u00e4ntar i kvartsfinal"},"content":{"rendered":"<p><strong>Sverige stod upp bra mot Kanada i f\u00f6rsta halvan av matchen. Sedan rasade svenskorna ihop och f\u00f6rlorade med 9-2.<\/strong><br \/><strong>Nu v\u00e4ntar Slovakien i kvartsfinal.<\/strong><br \/><strong>\u2014 Vi \u00e4r ett bra lag och efter den h\u00e4r matchen vi vet att vi kan sl\u00e5 dem, s\u00e4ger Selma Karlsson om att m\u00f6ta Kanada.<\/strong><\/p>\n<p><img loading=\"lazy\" decoding=\"async\" width=\"1024\" height=\"658\" src=\"https:\/\/www.europesays.com\/se\/wp-content\/uploads\/2026\/01\/Andreas-Karlsson-1024x658.webp.webp\" alt=\"\" class=\"wp-image-345325\"  \/>Andreas Karlsson och Sverige hade en riktig genomk\u00f6rare mot Kanada.<br \/>Foto: Aron Broman \/ Bildbyr\u00e5n.<\/p>\n<p>Efter tv\u00e5 inledande segrar mot Ungern och Schweiz var det dags f\u00f6r Sverige att m\u00f6ta Kanada. Det p\u00e5 f\u00f6rhand absolut tuffaste motst\u00e5ndet i gruppen. D\u00e5 fick Sverige en smakstart n\u00e4r <a href=\"https:\/\/hockeysverige.se\/spelare\/moa-stridh\/\" rel=\"nofollow noopener\" target=\"_blank\">Moa Stridh<\/a>, f\u00f6dd 2010, slog till och satte 1-0 i inledningen av matchen.<\/p>\n<p>Kanada gick sedan ifr\u00e5n till 3-1 innan den f\u00f6rsta perioden var \u00f6ver.<\/p>\n<p>Men <a href=\"https:\/\/hockeysverige.se\/spelare\/tilde-grillfors\/\" rel=\"nofollow noopener\" target=\"_blank\">Tilde Grillfors<\/a> h\u00f6ll Sverige kvar i matchen n\u00e4r hon reducerade till 3-2 i inledningen av den andra akten. Efter det blev det d\u00e4remot en ensidig historia. Kanada gick p\u00e5 knock och innan den andra perioden var \u00f6ver hade de en 7-2-ledning.<\/p>\n<p>\u2014 Vi b\u00f6rjade v\u00e4ldigt bra men sen b\u00f6rjade vi tappa pucken och de b\u00f6rjade g\u00f6ra m\u00e5l. Det \u00e4r sv\u00e5rt att spela s\u00e5 mycket boxplay, vi tog f\u00f6r m\u00e5nga utvisningar. Vi ska l\u00e4ra oss fr\u00e5n det h\u00e4r och f\u00f6rbereda oss f\u00f6r Slovakien, s\u00e4ger huvudtr\u00e4nare Andreas Karlsson till <a href=\"https:\/\/www.iihf.com\/en\/events\/2026\/ww18\/gamecenter\/recap\/69788\/11-can-vs-swe\" rel=\"nofollow noopener\" target=\"_blank\">IIHF<\/a>.<\/p>\n<p>I den tredje kom sedan ytterligare tv\u00e5 m\u00e5l och matchen slutade 9-2.<\/p>\n","protected":false},"excerpt":{"rendered":"Sverige stod upp bra mot Kanada i f\u00f6rsta halvan av matchen. Sedan rasade svenskorna ihop och f\u00f6rlorade med&hellip;\n","protected":false},"author":2,"featured_media":135198,"comment_status":"","ping_status":"","sticky":false,"template":"","format":"standard","meta":{"footnotes":""},"categories":[68],"tags":[34,111,110,31,33,32,30,379],"class_list":{"0":"post-135197","1":"post","2":"type-post","3":"status-publish","4":"format-standard","5":"has-post-thumbnail","7":"category-sport","8":"tag-se","9":"tag-sport","10":"tag-sports","11":"tag-svenska","12":"tag-sverige","13":"tag-sweden","14":"tag-swedish","15":"tag-top-article"},"share_on_mastodon":{"url":"https:\/\/pubeurope.com\/@se\/115892205806801368","error":""},"_links":{"self":[{"href":"https:\/\/www.europesays.com\/se\/wp-json\/wp\/v2\/posts\/135197","targetHints":{"allow":["GET"]}}],"collection":[{"href":"https:\/\/www.europesays.com\/se\/wp-json\/wp\/v2\/posts"}],"about":[{"href":"https:\/\/www.europesays.com\/se\/wp-json\/wp\/v2\/types\/post"}],"author":[{"embeddable":true,"href":"https:\/\/www.europesays.com\/se\/wp-json\/wp\/v2\/users\/2"}],"replies":[{"embeddable":true,"href":"https:\/\/www.europesays.com\/se\/wp-json\/wp\/v2\/comments?post=135197"}],"version-history":[{"count":0,"href":"https:\/\/www.europesays.com\/se\/wp-json\/wp\/v2\/posts\/135197\/revisions"}],"wp:featuredmedia":[{"embeddable":true,"href":"https:\/\/www.europesays.com\/se\/wp-json\/wp\/v2\/media\/135198"}],"wp:attachment":[{"href":"https:\/\/www.europesays.com\/se\/wp-json\/wp\/v2\/media?parent=135197"}],"wp:term":[{"taxonomy":"category","embeddable":true,"href":"https:\/\/www.europesays.com\/se\/wp-json\/wp\/v2\/categories?post=135197"},{"taxonomy":"post_tag","embeddable":true,"href":"https:\/\/www.europesays.com\/se\/wp-json\/wp\/v2\/tags?post=135197"}],"curies":[{"name":"wp","href":"https:\/\/api.w.org\/{rel}","templated":true}]}}