{"id":135200,"date":"2026-01-14T07:15:07","date_gmt":"2026-01-14T07:15:07","guid":{"rendered":"https:\/\/www.europesays.com\/se\/135200\/"},"modified":"2026-01-14T07:15:07","modified_gmt":"2026-01-14T07:15:07","slug":"14-januari-07-56-sammanfattning-natt-sodermanlands-lan","status":"publish","type":"post","link":"https:\/\/www.europesays.com\/se\/135200\/","title":{"rendered":"14 januari 07.56, Sammanfattning natt, S\u00f6dermanlands l\u00e4n"},"content":{"rendered":"<p>Polisens regionledningscentral har mellan klockan 22.00-07.00 hanterat ett 50-tal \u00e4renden som r\u00f6r S\u00f6dermanlands l\u00e4n.\u00a0<\/p>\n<p>23:11 SOS-larm om trafikolycka mellan tv\u00e5 bilister p\u00e5 l\u00e4nsv\u00e4g 611\/l\u00e4nsv\u00e4g 800 utanf\u00f6r Enstaberg, Nyk\u00f6ping. N\u00e4r polis anl\u00e4nt till platsen hade f\u00f6raren i den ena bilen l\u00e4mnat omr\u00e5det till fots. Polis har letat efter den f\u00f6raren men ej antr\u00e4ffat n\u00e5gon. En anm\u00e4lan om smitning fr\u00e5n trafikolycka kommer skrivas. Ingen har beh\u00f6vt upps\u00f6ka sjukhus med ambulans i samband med olyckan.\u00a0<\/p>\n<p>Ut\u00f6ver detta har polisen haft \u00e4renden om fylleri, trafikbrott, viltolyckor, trafikkontroller samt diverse andra kontroller p\u00e5 eget initiativ eller efter larm fr\u00e5n allm\u00e4nheten som inte har lett till n\u00e5got allvarligt.<\/p>\n<p>Inga gr\u00f6vre v\u00e5ldsbrott har kommit till polisens k\u00e4nnedom.<\/p>\n","protected":false},"excerpt":{"rendered":"Polisens regionledningscentral har mellan klockan 22.00-07.00 hanterat ett 50-tal \u00e4renden som r\u00f6r S\u00f6dermanlands l\u00e4n.\u00a0 23:11 SOS-larm om trafikolycka&hellip;\n","protected":false},"author":2,"featured_media":54,"comment_status":"","ping_status":"","sticky":false,"template":"","format":"standard","meta":{"footnotes":""},"categories":[12],"tags":[22,23,26,27,17,21,24,25,28,29,15,16,18,34,31,33,32,30,19,20],"class_list":{"0":"post-135200","1":"post","2":"type-post","3":"status-publish","4":"format-standard","5":"has-post-thumbnail","7":"category-sverige","8":"tag-breaking-news","9":"tag-breakingnews","10":"tag-featured-news","11":"tag-featurednews","12":"tag-headlines","13":"tag-huvudnyheter","14":"tag-latest-news","15":"tag-latestnews","16":"tag-main-news","17":"tag-mainnews","18":"tag-news","19":"tag-nyheter","20":"tag-rubriker","21":"tag-se","22":"tag-svenska","23":"tag-sverige","24":"tag-sweden","25":"tag-swedish","26":"tag-top-stories","27":"tag-topstories"},"share_on_mastodon":{"url":"https:\/\/pubeurope.com\/@se\/115892225514406224","error":""},"_links":{"self":[{"href":"https:\/\/www.europesays.com\/se\/wp-json\/wp\/v2\/posts\/135200","targetHints":{"allow":["GET"]}}],"collection":[{"href":"https:\/\/www.europesays.com\/se\/wp-json\/wp\/v2\/posts"}],"about":[{"href":"https:\/\/www.europesays.com\/se\/wp-json\/wp\/v2\/types\/post"}],"author":[{"embeddable":true,"href":"https:\/\/www.europesays.com\/se\/wp-json\/wp\/v2\/users\/2"}],"replies":[{"embeddable":true,"href":"https:\/\/www.europesays.com\/se\/wp-json\/wp\/v2\/comments?post=135200"}],"version-history":[{"count":0,"href":"https:\/\/www.europesays.com\/se\/wp-json\/wp\/v2\/posts\/135200\/revisions"}],"wp:featuredmedia":[{"embeddable":true,"href":"https:\/\/www.europesays.com\/se\/wp-json\/wp\/v2\/media\/54"}],"wp:attachment":[{"href":"https:\/\/www.europesays.com\/se\/wp-json\/wp\/v2\/media?parent=135200"}],"wp:term":[{"taxonomy":"category","embeddable":true,"href":"https:\/\/www.europesays.com\/se\/wp-json\/wp\/v2\/categories?post=135200"},{"taxonomy":"post_tag","embeddable":true,"href":"https:\/\/www.europesays.com\/se\/wp-json\/wp\/v2\/tags?post=135200"}],"curies":[{"name":"wp","href":"https:\/\/api.w.org\/{rel}","templated":true}]}}