{"id":135203,"date":"2026-01-14T07:18:09","date_gmt":"2026-01-14T07:18:09","guid":{"rendered":"https:\/\/www.europesays.com\/se\/135203\/"},"modified":"2026-01-14T07:18:09","modified_gmt":"2026-01-14T07:18:09","slug":"elias-ymer-vidare-en-seger-fran-australian-open-tennis","status":"publish","type":"post","link":"https:\/\/www.europesays.com\/se\/135203\/","title":{"rendered":"Elias Ymer vidare \u2013 en seger fr\u00e5n Australian Open | Tennis"},"content":{"rendered":"<p>Publicerad 14 jan 2026 kl 07.37Uppdaterad kl 08.04<\/p>\n<p>Elias Ymer \u00e4r en seger fr\u00e5n att n\u00e5 tennisens grand slam-turnering Australian Open.<\/p>\n<p><img   alt=\"\"\/> <\/p>\n<p>Foto: Pontus Orre\/TT \/ TT NYHETSBYR\u00c5N<\/p>\n<p>\u00d6ppna bild i helsk\u00e4rm<\/p>\n<p>Svensken vann mot dansken Elmer M\u00f8ller i den andra kvalomg\u00e5ngen och st\u00e4lls nu mot Colemang Wong, Hongkong, i en kvalfinal.<\/p>\n<p>Ymer vann matchen mot M\u00f8ller i Melbourne med 2\u20131 i set (4\u20136, 6\u20134, 7\u20135).<\/p>\n<p>Ymer har n\u00e5tt huvudturneringen i Australian Open tre g\u00e5nger tidigare i karri\u00e4ren, men har samtliga g\u00e5nger blivit utslagen i den f\u00f6rsta omg\u00e5ngen.<\/p>\n","protected":false},"excerpt":{"rendered":"Publicerad 14 jan 2026 kl 07.37Uppdaterad kl 08.04 Elias Ymer \u00e4r en seger fr\u00e5n att n\u00e5 tennisens grand&hellip;\n","protected":false},"author":2,"featured_media":135204,"comment_status":"","ping_status":"","sticky":false,"template":"","format":"standard","meta":{"footnotes":""},"categories":[68],"tags":[12545,2539,34,307,111,110,31,33,32,30],"class_list":{"0":"post-135203","1":"post","2":"type-post","3":"status-publish","4":"format-standard","5":"has-post-thumbnail","7":"category-sport","8":"tag-organization-australian-open","9":"tag-person-elias-ymer","10":"tag-se","11":"tag-sections-tennis","12":"tag-sport","13":"tag-sports","14":"tag-svenska","15":"tag-sverige","16":"tag-sweden","17":"tag-swedish"},"share_on_mastodon":{"url":"https:\/\/pubeurope.com\/@se\/115892237404893905","error":""},"_links":{"self":[{"href":"https:\/\/www.europesays.com\/se\/wp-json\/wp\/v2\/posts\/135203","targetHints":{"allow":["GET"]}}],"collection":[{"href":"https:\/\/www.europesays.com\/se\/wp-json\/wp\/v2\/posts"}],"about":[{"href":"https:\/\/www.europesays.com\/se\/wp-json\/wp\/v2\/types\/post"}],"author":[{"embeddable":true,"href":"https:\/\/www.europesays.com\/se\/wp-json\/wp\/v2\/users\/2"}],"replies":[{"embeddable":true,"href":"https:\/\/www.europesays.com\/se\/wp-json\/wp\/v2\/comments?post=135203"}],"version-history":[{"count":0,"href":"https:\/\/www.europesays.com\/se\/wp-json\/wp\/v2\/posts\/135203\/revisions"}],"wp:featuredmedia":[{"embeddable":true,"href":"https:\/\/www.europesays.com\/se\/wp-json\/wp\/v2\/media\/135204"}],"wp:attachment":[{"href":"https:\/\/www.europesays.com\/se\/wp-json\/wp\/v2\/media?parent=135203"}],"wp:term":[{"taxonomy":"category","embeddable":true,"href":"https:\/\/www.europesays.com\/se\/wp-json\/wp\/v2\/categories?post=135203"},{"taxonomy":"post_tag","embeddable":true,"href":"https:\/\/www.europesays.com\/se\/wp-json\/wp\/v2\/tags?post=135203"}],"curies":[{"name":"wp","href":"https:\/\/api.w.org\/{rel}","templated":true}]}}