{"id":135211,"date":"2026-01-14T07:24:21","date_gmt":"2026-01-14T07:24:21","guid":{"rendered":"https:\/\/www.europesays.com\/se\/135211\/"},"modified":"2026-01-14T07:24:21","modified_gmt":"2026-01-14T07:24:21","slug":"fler-binder-rantan-men-tidsfonstret-ar-pa-vag-att-stangas","status":"publish","type":"post","link":"https:\/\/www.europesays.com\/se\/135211\/","title":{"rendered":"Fler binder r\u00e4ntan \u2013 men tidsf\u00f6nstret \u00e4r p\u00e5 v\u00e4g att st\u00e4ngas"},"content":{"rendered":"<p class=\"typography-base\">95 procent av SBAB:s nya kunder valde r\u00f6rlig r\u00e4nta i december (se diagram 1). 5 procent valde att binda hela eller en del av l\u00e5nen. Det kan j\u00e4mf\u00f6ras med att 98 procent valde r\u00f6rlig r\u00e4nta i oktober, och att bara 2 procent d\u00e5 valde att binda n\u00e5gon del av sitt l\u00e5n.<\/p>\n<p class=\"typography-base\">\u2013 Andelen som valt att binda \u00e5tminstone en del av sina l\u00e5n har mer \u00e4n f\u00f6rdubblats mellan oktober och december men utvecklingen sker fr\u00e5n en riktigt l\u00e5g niv\u00e5. De fr\u00e4msta sk\u00e4len till att fler p\u00e5 senare tid valt att binda r\u00e4ntan \u00e4r sannolikt att skillnaden mellan bunden och r\u00f6rlig r\u00e4nta varit relativt liten, samt prognoser om att de l\u00e5nga r\u00e4ntorna \u00e4r p\u00e5 v\u00e4g upp\u00e5t, s\u00e4ger Linda Hasselvik SBAB:s privat- och boendeekonom.<\/p>\n<p class=\"typography-base\">I SBAB:s senaste r\u00e4nteprognos i rapporten Bor\u00e4ntenytt j\u00e4mf\u00f6rdes den genomsnittliga 3-m\u00e5nadersr\u00e4ntan, om den binds om var tredje m\u00e5nad i linje med prognosen med r\u00e4ntor med r\u00e4ntebindningstider fr\u00e5n ett \u00e5r upp till fem \u00e5r (diagram 2). Givet prognosen skiljde det r\u00e4tt lite, cirka 0,2 procentenheter, mellan att binda r\u00e4ntan p\u00e5 ett till tre \u00e5r och r\u00f6rlig r\u00e4nta. F\u00f6r fyra och fem \u00e5rs bindningstid skiljde det 0,3 procentenheter.<\/p>\n<p class=\"typography-base\">\u2013 Givet v\u00e5r senaste r\u00e4nteprognos, som gjordes i mitten av december, var det relativt billigt att f\u00f6rs\u00e4kra sig mot r\u00e4nteuppg\u00e5ngar genom att binda r\u00e4ntan. Sedan dess har flera banker h\u00f6jt framf\u00f6r allt de l\u00e4ngre bundna r\u00e4ntorna. Prognosen pekar dessutom p\u00e5 ytterligare h\u00f6jningar fram\u00f6ver. Det inneb\u00e4r att tidsf\u00f6nstret f\u00f6r att binda r\u00e4ntan billigt troligen \u00e4r p\u00e5 v\u00e4g att st\u00e4ngas. Samtidigt \u00e4r det viktigt att utg\u00e5 fr\u00e5n de egna f\u00f6ruts\u00e4ttningarna n\u00e4r man v\u00e4ljer bindningstid och att komma ih\u00e5g att en prognos \u00e4r just en prognos. F\u00f6r\u00e4ndringar i omv\u00e4rlden kan \u00e4ndra villkoren, s\u00e4ger Linda Hasselvik.<\/p>\n<p class=\"typography-base\"><strong>Samtliga diagram \u00e5terfinns i l\u00e4nkat pressmeddelande (pdf).<\/strong><\/p>\n<p>\u00a0<\/p>\n","protected":false},"excerpt":{"rendered":"95 procent av SBAB:s nya kunder valde r\u00f6rlig r\u00e4nta i december (se diagram 1). 5 procent valde att&hellip;\n","protected":false},"author":2,"featured_media":107705,"comment_status":"","ping_status":"","sticky":false,"template":"","format":"standard","meta":{"footnotes":""},"categories":[5],"tags":[22,23,26,27,17,21,24,25,28,29,15,16,18,34,31,33,32,30,19,20],"class_list":{"0":"post-135211","1":"post","2":"type-post","3":"status-publish","4":"format-standard","5":"has-post-thumbnail","7":"category-rubriker","8":"tag-breaking-news","9":"tag-breakingnews","10":"tag-featured-news","11":"tag-featurednews","12":"tag-headlines","13":"tag-huvudnyheter","14":"tag-latest-news","15":"tag-latestnews","16":"tag-main-news","17":"tag-mainnews","18":"tag-news","19":"tag-nyheter","20":"tag-rubriker","21":"tag-se","22":"tag-svenska","23":"tag-sverige","24":"tag-sweden","25":"tag-swedish","26":"tag-top-stories","27":"tag-topstories"},"share_on_mastodon":{"url":"https:\/\/pubeurope.com\/@se\/115892260896647965","error":""},"_links":{"self":[{"href":"https:\/\/www.europesays.com\/se\/wp-json\/wp\/v2\/posts\/135211","targetHints":{"allow":["GET"]}}],"collection":[{"href":"https:\/\/www.europesays.com\/se\/wp-json\/wp\/v2\/posts"}],"about":[{"href":"https:\/\/www.europesays.com\/se\/wp-json\/wp\/v2\/types\/post"}],"author":[{"embeddable":true,"href":"https:\/\/www.europesays.com\/se\/wp-json\/wp\/v2\/users\/2"}],"replies":[{"embeddable":true,"href":"https:\/\/www.europesays.com\/se\/wp-json\/wp\/v2\/comments?post=135211"}],"version-history":[{"count":0,"href":"https:\/\/www.europesays.com\/se\/wp-json\/wp\/v2\/posts\/135211\/revisions"}],"wp:featuredmedia":[{"embeddable":true,"href":"https:\/\/www.europesays.com\/se\/wp-json\/wp\/v2\/media\/107705"}],"wp:attachment":[{"href":"https:\/\/www.europesays.com\/se\/wp-json\/wp\/v2\/media?parent=135211"}],"wp:term":[{"taxonomy":"category","embeddable":true,"href":"https:\/\/www.europesays.com\/se\/wp-json\/wp\/v2\/categories?post=135211"},{"taxonomy":"post_tag","embeddable":true,"href":"https:\/\/www.europesays.com\/se\/wp-json\/wp\/v2\/tags?post=135211"}],"curies":[{"name":"wp","href":"https:\/\/api.w.org\/{rel}","templated":true}]}}