{"id":135212,"date":"2026-01-14T07:26:09","date_gmt":"2026-01-14T07:26:09","guid":{"rendered":"https:\/\/www.europesays.com\/se\/135212\/"},"modified":"2026-01-14T07:26:09","modified_gmt":"2026-01-14T07:26:09","slug":"gustaf-berglunds-forvaning-ebba-andersson-plotsligt-forsvunnen-langdskidor","status":"publish","type":"post","link":"https:\/\/www.europesays.com\/se\/135212\/","title":{"rendered":"Gustaf Berglunds f\u00f6rv\u00e5ning: Ebba Andersson pl\u00f6tsligt f\u00f6rsvunnen | L\u00e4ngdskidor"},"content":{"rendered":"<p>Publicerad 14 jan 2026 kl 07.08<\/p>\n<p>Gustaf Berglund vaknade upp i s\u00e4ngen hemma i villan i \u00d6stersund \u2013 och fick en \u00f6verraskning.<\/p>\n<p>Sambon Ebba Andersson var sp\u00e5rl\u00f6st f\u00f6rsvunnen.<\/p>\n<p>\u2013 Jag t\u00e4nkte bara: Vad fasen \u00e4r det nu d\u00e5? s\u00e4ger Gustaf Berglund i <a href=\"https:\/\/open.spotify.com\/show\/5bgeBGqvAQ253FQBqXsaQm?si=b4ad18c3af41494a\" rel=\"nofollow noopener\" target=\"_blank\">Expressens podd Vallaboden.<\/a>\u00a0<\/p>\n<p><img loading=\"lazy\"   alt=\"\"\/><\/p>\n<p>Gustaf Berglund.<\/p>\n<p>Foto: MATHIAS BERGELD \/ BILDBYR\u00c5N<\/p>\n<p>\u00d6ppna bild i helsk\u00e4rm<img loading=\"lazy\"   alt=\"\"\/><\/p>\n<p>Ebba Andersson.<\/p>\n<p>Foto: JOHANNA WALLEN \/ BILDBYR\u00c5N<\/p>\n<p>\u00d6ppna bild i helsk\u00e4rm<\/p>\n<p>F\u00f6rst ett kr\u00e4vande Tour de ski. Sedan den l\u00e5nga resan hem fr\u00e5n Italien till \u00d6stersund.<\/p>\n<p>S\u00e5 n\u00e4r landslagsparet <a href=\"https:\/\/www.expressen.se\/tagg\/person\/ebba-andersson\/\" class=\"\" rel=\"nofollow noopener\" target=\"_blank\">Ebba Andersson<\/a> och Gustaf Berglund \u00e4ntligen kom hem till den nyink\u00f6pta villan i \u00d6stersund f\u00f6rra m\u00e5ndagen var att f\u00e5 somna i den egna s\u00e4ngen h\u00f6gt p\u00e5 priolistan.<\/p>\n<p>Men uppvaknandet blev speciellt f\u00f6r Gustaf Berglund.<\/p>\n<p>\u2013 N\u00e4r jag vaknade p\u00e5 morgonen ser jag att det inte ligger n\u00e5gon d\u00e4r till h\u00f6ger d\u00e4r Ebba ska ligga. D\u00e5 f\u00f6rstod jag att det var n\u00e5got lurt p\u00e5 g\u00e5ng, s\u00e4ger 27-\u00e5ringen n\u00e4r han g\u00e4star <a href=\"https:\/\/open.spotify.com\/show\/5bgeBGqvAQ253FQBqXsaQm?si=b4ad18c3af41494a\" rel=\"nofollow noopener\" target=\"_blank\">Expressens podd Vallaboden<\/a>.<\/p>\n<p>Gustaf Berglund forts\u00e4tter:<\/p>\n<p>\u2013 S\u00e5 d\u00e5 tog jag telefonen och ringde Ebba som sa: \u201dhej, jag ligger i g\u00e4strummet och har ont i halsen \u2013 s\u00e5 du f\u00e5r klara dig sj\u00e4lv nu\u201d.<\/p>\n<p>Isolerades p\u00e5 var sin v\u00e5ning<\/p>\n<p>Snabbt togs beslutet att Gustaf Berglund flyttade in p\u00e5 det \u00f6vre v\u00e5ningsplanet medan Ebba Andersson fick h\u00e5lla till p\u00e5 det nedre.<\/p>\n<p>\u2013 Till en b\u00f6rjan s\u00e5 t\u00e4nkte vi att d\u00e5 f\u00e5r ju jag som \u00e4r frisk ta hand om matlagningen. Men efter ett tag ins\u00e5g jag att det h\u00e4r blir jobbigt.<\/p>\n<p><strong>Varf\u00f6r det?<\/strong><\/p>\n<p>\u2013 Hon har ganska h\u00f6ga tr\u00f6sklar p\u00e5 hur en frukost ska se ut.<\/p>\n<p><strong>Till exempel?<\/strong><\/p>\n<p>\u2013 Som att gurkan ska vara tunt skivad p\u00e5 ett speciellt s\u00e4tt. Det ska vara keso, senap och andra grejer p\u00e5 mackorna i olika kombinationer och s\u00e5 vidare.\u00a0<\/p>\n<p>\u2013 Till slut sa jag bara: \u201dDet h\u00e4r g\u00e5r inte\u201d. S\u00e5 efter ett par dagar fick hon b\u00f6rja g\u00f6ra sin egen mat.<\/p>\n<p>Lugnande besked inf\u00f6r OS<\/p>\n<p>N\u00e4r Gustaf Berglund g\u00e4star Vallaboden kan han dock komma med lugnande besked runt sin sambo.<\/p>\n<p>\u2013 Ja, nu m\u00e5r hon bra. Hon \u00e4r i g\u00e5ng med tr\u00e4ningen. Och jag tror det h\u00e4r bara kan ha gjort henne gott att f\u00e5 vila upp kroppen.\u00a0<\/p>\n<p><strong>Inget som oroar inf\u00f6r OS, med andra ord?<\/strong><\/p>\n<p>\u2013 Nej, jag kan lugna alla och s\u00e4ga att det kommer att bli bra med Ebba p\u00e5 OS.<\/p>\n<p>Gustaf Berglund \u00e4r ocks\u00e5 uttagen till spelen i Italien. Det blir hans f\u00f6rsta OS i karri\u00e4ren.<\/p>\n","protected":false},"excerpt":{"rendered":"Publicerad 14 jan 2026 kl 07.08 Gustaf Berglund vaknade upp i s\u00e4ngen hemma i villan i \u00d6stersund \u2013&hellip;\n","protected":false},"author":2,"featured_media":135213,"comment_status":"","ping_status":"","sticky":false,"template":"","format":"standard","meta":{"footnotes":""},"categories":[68],"tags":[4140,34,857,111,110,31,33,32,30],"class_list":{"0":"post-135212","1":"post","2":"type-post","3":"status-publish","4":"format-standard","5":"has-post-thumbnail","7":"category-sport","8":"tag-person-ebba-andersson","9":"tag-se","10":"tag-sections-langdskidor","11":"tag-sport","12":"tag-sports","13":"tag-svenska","14":"tag-sverige","15":"tag-sweden","16":"tag-swedish"},"share_on_mastodon":{"url":"https:\/\/pubeurope.com\/@se\/115892268852954152","error":""},"_links":{"self":[{"href":"https:\/\/www.europesays.com\/se\/wp-json\/wp\/v2\/posts\/135212","targetHints":{"allow":["GET"]}}],"collection":[{"href":"https:\/\/www.europesays.com\/se\/wp-json\/wp\/v2\/posts"}],"about":[{"href":"https:\/\/www.europesays.com\/se\/wp-json\/wp\/v2\/types\/post"}],"author":[{"embeddable":true,"href":"https:\/\/www.europesays.com\/se\/wp-json\/wp\/v2\/users\/2"}],"replies":[{"embeddable":true,"href":"https:\/\/www.europesays.com\/se\/wp-json\/wp\/v2\/comments?post=135212"}],"version-history":[{"count":0,"href":"https:\/\/www.europesays.com\/se\/wp-json\/wp\/v2\/posts\/135212\/revisions"}],"wp:featuredmedia":[{"embeddable":true,"href":"https:\/\/www.europesays.com\/se\/wp-json\/wp\/v2\/media\/135213"}],"wp:attachment":[{"href":"https:\/\/www.europesays.com\/se\/wp-json\/wp\/v2\/media?parent=135212"}],"wp:term":[{"taxonomy":"category","embeddable":true,"href":"https:\/\/www.europesays.com\/se\/wp-json\/wp\/v2\/categories?post=135212"},{"taxonomy":"post_tag","embeddable":true,"href":"https:\/\/www.europesays.com\/se\/wp-json\/wp\/v2\/tags?post=135212"}],"curies":[{"name":"wp","href":"https:\/\/api.w.org\/{rel}","templated":true}]}}